{"id":58199,"date":"2016-01-18T09:53:45","date_gmt":"2016-01-18T07:53:45","guid":{"rendered":"http:\/\/sana.sy\/tr\/?p=58199"},"modified":"2016-01-18T15:30:05","modified_gmt":"2016-01-18T13:30:05","slug":"aralarinda-2-komutanin-bulundugu-kayiplarini-itiraf-ettiler","status":"publish","type":"post","link":"https:\/\/archive.sana.sy\/tr\/?p=58199","title":{"rendered":"Aralar\u0131nda 2 Komutan\u0131n Bulundu\u011fu Kay\u0131plar\u0131n\u0131 \u0130tiraf Ettiler"},"content":{"rendered":"<p>DERA \u2013 \u0130srail\u2019in Dera\u2019da destekledi\u011fi Nusra Cephesi ve \u00e7at\u0131s\u0131 alt\u0131ndaki di\u011fer ter\u00f6r \u00f6rg\u00fctleri Dera\u2019da \u00f6ld\u00fcr\u00fclen bir\u00e7ok ter\u00f6ristin kimli\u011fini a\u00e7\u0131klarken aralar\u0131nda iki bariz komutan\u0131n bulundu\u011funu itiraf etti.<\/p>\n<p>Ter\u00f6ristler medya ara\u00e7lar\u0131nda il k\u0131rsal\u0131n\u0131n do\u011fusu Rahm otoyolu \u00fczerinde yol kenar\u0131na yerle\u015ftirilen bir bomban\u0131n patlamas\u0131 sonucunda \u2018Kubbat el Sahra Taburu\u2019nun s\u00f6zde askeri komutan\u0131 Sveylim el Rikb\u2019in yan\u0131 s\u0131ra \u2018\u00d6meri T\u00fcmenleri\u2019 \u00e7etelerinden 3 tehlikeli ter\u00f6ristin \u00f6ld\u00fc\u011f\u00fcn\u00fc ifade etti.<\/p>\n<p>Di\u011fer yandan ter\u00f6ristler Dera k\u0131rsal\u0131 \u015eeyh Meskin Kentinde \u00f6len tekfircilerinin kimli\u011fini a\u00e7\u0131klarken aralar\u0131nda ana karargahlar\u0131 \u015eam k\u0131rsal\u0131 Do\u011fu \u011euta olan ve Suudi rejimi taraf\u0131ndan finanse edilen \u2018\u0130slam Ordusu\u2019 tekfircilerinin bariz komutanlar\u0131ndan \u2018Ebu Golan\u2019 lakapl\u0131 eleba\u015f\u0131n bulundu\u011funa dikkat \u00e7ekti.<\/p>\n","protected":false},"excerpt":{"rendered":"<p>DERA \u2013 \u0130srail\u2019in Dera\u2019da destekledi\u011fi Nusra Cephesi ve \u00e7at\u0131s\u0131 alt\u0131ndaki di\u011fer ter\u00f6r \u00f6rg\u00fctleri Dera\u2019da \u00f6ld\u00fcr\u00fclen bir\u00e7ok ter\u00f6ristin kimli\u011fini a\u00e7\u0131klarken aralar\u0131nda iki bariz komutan\u0131n bulundu\u011funu itiraf etti. Ter\u00f6ristler medya ara\u00e7lar\u0131nda il k\u0131rsal\u0131n\u0131n do\u011fusu Rahm otoyolu \u00fczerinde yol kenar\u0131na yerle\u015ftirilen bir bomban\u0131n patlamas\u0131 sonucunda \u2018Kubbat el Sahra Taburu\u2019nun s\u00f6zde askeri komutan\u0131 Sveylim el Rikb\u2019in yan\u0131 s\u0131ra \u2018\u00d6meri &hellip;<\/p>\n","protected":false},"author":1,"featured_media":58206,"comment_status":"closed","ping_status":"closed","sticky":false,"template":"","format":"standard","meta":{"footnotes":""},"categories":[479,575,17988,478],"tags":[3464,17128,18364,18237,13459,4663,17320],"class_list":["post-58199","post","type-post","status-publish","format-standard","has-post-thumbnail","","category-haberler-yerel","category-olaylar-ve-gercekler","category-son-haberler","category-yerel","tag-nusra-cephesi","tag-bombali-eylem","tag-cihat","tag-cihatcilar","tag-islam-ordusu","tag-seyh-meskin","tag-tekfirciler"],"_links":{"self":[{"href":"https:\/\/archive.sana.sy\/tr\/index.php?rest_route=\/wp\/v2\/posts\/58199","targetHints":{"allow":["GET"]}}],"collection":[{"href":"https:\/\/archive.sana.sy\/tr\/index.php?rest_route=\/wp\/v2\/posts"}],"about":[{"href":"https:\/\/archive.sana.sy\/tr\/index.php?rest_route=\/wp\/v2\/types\/post"}],"author":[{"embeddable":true,"href":"https:\/\/archive.sana.sy\/tr\/index.php?rest_route=\/wp\/v2\/users\/1"}],"replies":[{"embeddable":true,"href":"https:\/\/archive.sana.sy\/tr\/index.php?rest_route=%2Fwp%2Fv2%2Fcomments&post=58199"}],"version-history":[{"count":0,"href":"https:\/\/archive.sana.sy\/tr\/index.php?rest_route=\/wp\/v2\/posts\/58199\/revisions"}],"wp:featuredmedia":[{"embeddable":true,"href":"https:\/\/archive.sana.sy\/tr\/index.php?rest_route=\/wp\/v2\/media\/58206"}],"wp:attachment":[{"href":"https:\/\/archive.sana.sy\/tr\/index.php?rest_route=%2Fwp%2Fv2%2Fmedia&parent=58199"}],"wp:term":[{"taxonomy":"category","embeddable":true,"href":"https:\/\/archive.sana.sy\/tr\/index.php?rest_route=%2Fwp%2Fv2%2Fcategories&post=58199"},{"taxonomy":"post_tag","embeddable":true,"href":"https:\/\/archive.sana.sy\/tr\/index.php?rest_route=%2Fwp%2Fv2%2Ftags&post=58199"}],"curies":[{"name":"wp","href":"https:\/\/api.w.org\/{rel}","templated":true}]}}