{"id":58220,"date":"2016-01-18T09:42:41","date_gmt":"2016-01-18T07:42:41","guid":{"rendered":"http:\/\/sana.sy\/tr\/?p=58220"},"modified":"2016-01-18T14:52:09","modified_gmt":"2016-01-18T12:52:09","slug":"ingiliz-100-terorist-oldu","status":"publish","type":"post","link":"https:\/\/archive.sana.sy\/tr\/?p=58220","title":{"rendered":"\u0130ngiliz 100 Ter\u00f6rist \u00d6ld\u00fc"},"content":{"rendered":"<p>LONDRA \u2013 \u0130ngiltere istihbarat\u0131 be\u015f y\u0131ldan bu yana Suriye ve Irak\u2019ta ter\u00f6r \u00f6rg\u00fctlerine kat\u0131lan en az 100 \u0130ngiliz ter\u00f6ristin \u00f6ld\u00fc\u011f\u00fcn\u00fc ifade etti.<\/p>\n<p>\u0130ngiliz Daily Mail Gazetesinin aktard\u0131\u011f\u0131 haberlerde istihbarat yetkililerinin, bu say\u0131n\u0131n daha da artabilece\u011fi ihtimalini y\u00fcksek tuttuklar\u0131n\u0131 aktard\u0131.<\/p>\n<p>\u0130stihbarat yetkililerine dayand\u0131rd\u0131\u011f\u0131 haberinde Gazete; Suriye ve Irak\u2019ta tekfirci ter\u00f6r \u00f6rg\u00fctleri saflar\u0131nda yer almalar\u0131 ard\u0131ndan oluk\u00e7a tehlikeli say\u0131lan en az 50 \u0130ngiliz ter\u00f6ristin \u0130ngiltere&#8217;ye d\u00f6nd\u00fc\u011f\u00fcne dikkat \u00e7ekti.<\/p>\n","protected":false},"excerpt":{"rendered":"<p>LONDRA \u2013 \u0130ngiltere istihbarat\u0131 be\u015f y\u0131ldan bu yana Suriye ve Irak\u2019ta ter\u00f6r \u00f6rg\u00fctlerine kat\u0131lan en az 100 \u0130ngiliz ter\u00f6ristin \u00f6ld\u00fc\u011f\u00fcn\u00fc ifade etti. \u0130ngiliz Daily Mail Gazetesinin aktard\u0131\u011f\u0131 haberlerde istihbarat yetkililerinin, bu say\u0131n\u0131n daha da artabilece\u011fi ihtimalini y\u00fcksek tuttuklar\u0131n\u0131 aktard\u0131. \u0130stihbarat yetkililerine dayand\u0131rd\u0131\u011f\u0131 haberinde Gazete; Suriye ve Irak\u2019ta tekfirci ter\u00f6r \u00f6rg\u00fctleri saflar\u0131nda yer almalar\u0131 ard\u0131ndan oluk\u00e7a &hellip;<\/p>\n","protected":false},"author":1,"featured_media":58221,"comment_status":"closed","ping_status":"closed","sticky":false,"template":"","format":"standard","meta":{"footnotes":""},"categories":[556,458,559,459,17988],"tags":[3464,18364,18237,18650,18587,18651,2318,18601,17320],"class_list":["post-58220","post","type-post","status-publish","format-standard","has-post-thumbnail","","category-basin","category-dunya1","category-dunya-basini","category-haberler-arap-uluslararasi-politika","category-son-haberler","tag-nusra-cephesi","tag-cihat","tag-cihatcilar","tag-daily-mail","tag-erdoganr-ejimi","tag-ingiliz-istihbarati","tag-isid","tag-militanlar","tag-tekfirciler"],"_links":{"self":[{"href":"https:\/\/archive.sana.sy\/tr\/index.php?rest_route=\/wp\/v2\/posts\/58220","targetHints":{"allow":["GET"]}}],"collection":[{"href":"https:\/\/archive.sana.sy\/tr\/index.php?rest_route=\/wp\/v2\/posts"}],"about":[{"href":"https:\/\/archive.sana.sy\/tr\/index.php?rest_route=\/wp\/v2\/types\/post"}],"author":[{"embeddable":true,"href":"https:\/\/archive.sana.sy\/tr\/index.php?rest_route=\/wp\/v2\/users\/1"}],"replies":[{"embeddable":true,"href":"https:\/\/archive.sana.sy\/tr\/index.php?rest_route=%2Fwp%2Fv2%2Fcomments&post=58220"}],"version-history":[{"count":0,"href":"https:\/\/archive.sana.sy\/tr\/index.php?rest_route=\/wp\/v2\/posts\/58220\/revisions"}],"wp:featuredmedia":[{"embeddable":true,"href":"https:\/\/archive.sana.sy\/tr\/index.php?rest_route=\/wp\/v2\/media\/58221"}],"wp:attachment":[{"href":"https:\/\/archive.sana.sy\/tr\/index.php?rest_route=%2Fwp%2Fv2%2Fmedia&parent=58220"}],"wp:term":[{"taxonomy":"category","embeddable":true,"href":"https:\/\/archive.sana.sy\/tr\/index.php?rest_route=%2Fwp%2Fv2%2Fcategories&post=58220"},{"taxonomy":"post_tag","embeddable":true,"href":"https:\/\/archive.sana.sy\/tr\/index.php?rest_route=%2Fwp%2Fv2%2Ftags&post=58220"}],"curies":[{"name":"wp","href":"https:\/\/api.w.org\/{rel}","templated":true}]}}