{"id":58227,"date":"2016-01-18T11:58:10","date_gmt":"2016-01-18T09:58:10","guid":{"rendered":"http:\/\/sana.sy\/tr\/?p=58227"},"modified":"2016-01-18T15:06:12","modified_gmt":"2016-01-18T13:06:12","slug":"kara-gucleri-gondermek-buyuk-bir-hata-olur","status":"publish","type":"post","link":"https:\/\/archive.sana.sy\/tr\/?p=58227","title":{"rendered":"Kara G\u00fc\u00e7leri G\u00f6ndermek B\u00fcy\u00fck Bir Hata Olur"},"content":{"rendered":"<p>BERL\u0130N \u2013 Almanya Savunma Bakan\u0131 Ursula von der Leyen \u00fclkesinin, I\u015e\u0130D\u2019e kar\u015f\u0131 sava\u015fmak Suriye&#8217;ye asker g\u00f6nderme niyetinde olmad\u0131\u011f\u0131n\u0131 belirtti.<\/p>\n<p>Alman Bild Gazetesine yapt\u0131\u011f\u0131 a\u00e7\u0131klamada Leyen; \u0130stanbul\u2019da yap\u0131lan ter\u00f6r eylemi ard\u0131ndan Bat\u0131l\u0131lar\u0131n Suriye&#8217;de I\u015e\u0130D\u2019e kar\u015f\u0131 sava\u015fmak i\u00e7in askeri g\u00fc\u00e7 g\u00f6ndermesi gerekip gerekmedi\u011fine ili\u015fkin soruyu olumsuzlukla cevaplad\u0131. Alman bakan bu gibi durumlarda yabanc\u0131 kara g\u00fc\u00e7lerin bulunmas\u0131n\u0131n b\u00fcy\u00fck bir yanl\u0131 olaca\u011f\u0131n\u0131 belirtirken, Irak\u2019ta i\u015flenen benzer b\u00fcy\u00fck hatay\u0131 \u00f6rnek verdi.<\/p>\n","protected":false},"excerpt":{"rendered":"<p>BERL\u0130N \u2013 Almanya Savunma Bakan\u0131 Ursula von der Leyen \u00fclkesinin, I\u015e\u0130D\u2019e kar\u015f\u0131 sava\u015fmak Suriye&#8217;ye asker g\u00f6nderme niyetinde olmad\u0131\u011f\u0131n\u0131 belirtti. Alman Bild Gazetesine yapt\u0131\u011f\u0131 a\u00e7\u0131klamada Leyen; \u0130stanbul\u2019da yap\u0131lan ter\u00f6r eylemi ard\u0131ndan Bat\u0131l\u0131lar\u0131n Suriye&#8217;de I\u015e\u0130D\u2019e kar\u015f\u0131 sava\u015fmak i\u00e7in askeri g\u00fc\u00e7 g\u00f6ndermesi gerekip gerekmedi\u011fine ili\u015fkin soruyu olumsuzlukla cevaplad\u0131. Alman bakan bu gibi durumlarda yabanc\u0131 kara g\u00fc\u00e7lerin bulunmas\u0131n\u0131n b\u00fcy\u00fck &hellip;<\/p>\n","protected":false},"author":1,"featured_media":58230,"comment_status":"closed","ping_status":"closed","sticky":false,"template":"","format":"standard","meta":{"footnotes":""},"categories":[556,458,559,459,17988],"tags":[],"class_list":["post-58227","post","type-post","status-publish","format-standard","has-post-thumbnail","","category-basin","category-dunya1","category-dunya-basini","category-haberler-arap-uluslararasi-politika","category-son-haberler"],"_links":{"self":[{"href":"https:\/\/archive.sana.sy\/tr\/index.php?rest_route=\/wp\/v2\/posts\/58227","targetHints":{"allow":["GET"]}}],"collection":[{"href":"https:\/\/archive.sana.sy\/tr\/index.php?rest_route=\/wp\/v2\/posts"}],"about":[{"href":"https:\/\/archive.sana.sy\/tr\/index.php?rest_route=\/wp\/v2\/types\/post"}],"author":[{"embeddable":true,"href":"https:\/\/archive.sana.sy\/tr\/index.php?rest_route=\/wp\/v2\/users\/1"}],"replies":[{"embeddable":true,"href":"https:\/\/archive.sana.sy\/tr\/index.php?rest_route=%2Fwp%2Fv2%2Fcomments&post=58227"}],"version-history":[{"count":0,"href":"https:\/\/archive.sana.sy\/tr\/index.php?rest_route=\/wp\/v2\/posts\/58227\/revisions"}],"wp:featuredmedia":[{"embeddable":true,"href":"https:\/\/archive.sana.sy\/tr\/index.php?rest_route=\/wp\/v2\/media\/58230"}],"wp:attachment":[{"href":"https:\/\/archive.sana.sy\/tr\/index.php?rest_route=%2Fwp%2Fv2%2Fmedia&parent=58227"}],"wp:term":[{"taxonomy":"category","embeddable":true,"href":"https:\/\/archive.sana.sy\/tr\/index.php?rest_route=%2Fwp%2Fv2%2Fcategories&post=58227"},{"taxonomy":"post_tag","embeddable":true,"href":"https:\/\/archive.sana.sy\/tr\/index.php?rest_route=%2Fwp%2Fv2%2Ftags&post=58227"}],"curies":[{"name":"wp","href":"https:\/\/api.w.org\/{rel}","templated":true}]}}