{"id":58234,"date":"2016-01-18T12:30:08","date_gmt":"2016-01-18T10:30:08","guid":{"rendered":"http:\/\/sana.sy\/tr\/?p=58234"},"modified":"2016-01-18T15:31:46","modified_gmt":"2016-01-18T13:31:46","slug":"liste-viyana-ilkeleri-cercevesinde-hazirlanmalidir","status":"publish","type":"post","link":"https:\/\/archive.sana.sy\/tr\/?p=58234","title":{"rendered":"Liste Viyana \u0130lkeleri \u00c7er\u00e7evesinde Haz\u0131rlanmal\u0131d\u0131r"},"content":{"rendered":"<p>MOSKOVA \u2013 Rusya Federal Meclisi Ba\u015fkan\u0131 Valentina Matviyenko Suriye&#8217;de mevcut uluslar aras\u0131 ter\u00f6r \u00f6rg\u00fctleri listesinin, Viyana g\u00f6r\u00fc\u015fmelerinde \u00fcst\u00fcne anla\u015f\u0131lan ilkeler \u00e7er\u00e7evesinde haz\u0131rlanmas\u0131 gerekti\u011fini belirtti.<\/p>\n<p>Katar \u015eeyhli\u011fi Emiri Temim Bin Hamad Al Thani\u2019yi bug\u00fcn Moskova\u2019da kabul eden Matviyenko; t\u00fcm uluslar aras\u0131 toplumun ya\u015fananlar\u0131 idrak etmesi amac\u0131yla uluslar aras\u0131 ter\u00f6r \u00f6rg\u00fctlere ili\u015fkin ortak bir listenin haz\u0131rlanmas\u0131nda \u00e7aba ve koordinasyonun s\u00fcrd\u00fcr\u00fclmesi gerekti\u011fini ifade etti.<\/p>\n<p>Matviyenko Rusya&#8217;n\u0131n tekfirci ter\u00f6re kar\u015f\u0131 ciddi, etkin ve d\u00fcr\u00fcst bir m\u00fccadele verecek uluslar aras\u0131 bir koalisyonun kurulmas\u0131 gere\u011fini bir kez daha vurgulamak istedi\u011fine dikkat \u00e7ekerek, bu y\u00f6ndeki \u00e7abalar\u0131n\u0131 s\u00fcrd\u00fcrece\u011fini vurgulad\u0131.<\/p>\n","protected":false},"excerpt":{"rendered":"<p>MOSKOVA \u2013 Rusya Federal Meclisi Ba\u015fkan\u0131 Valentina Matviyenko Suriye&#8217;de mevcut uluslar aras\u0131 ter\u00f6r \u00f6rg\u00fctleri listesinin, Viyana g\u00f6r\u00fc\u015fmelerinde \u00fcst\u00fcne anla\u015f\u0131lan ilkeler \u00e7er\u00e7evesinde haz\u0131rlanmas\u0131 gerekti\u011fini belirtti. Katar \u015eeyhli\u011fi Emiri Temim Bin Hamad Al Thani\u2019yi bug\u00fcn Moskova\u2019da kabul eden Matviyenko; t\u00fcm uluslar aras\u0131 toplumun ya\u015fananlar\u0131 idrak etmesi amac\u0131yla uluslar aras\u0131 ter\u00f6r \u00f6rg\u00fctlere ili\u015fkin ortak bir listenin haz\u0131rlanmas\u0131nda \u00e7aba &hellip;<\/p>\n","protected":false},"author":1,"featured_media":58236,"comment_status":"closed","ping_status":"closed","sticky":false,"template":"","format":"standard","meta":{"footnotes":""},"categories":[458,459,17988],"tags":[18656,17036,18654,18657,18655],"class_list":["post-58234","post","type-post","status-publish","format-standard","has-post-thumbnail","","category-dunya1","category-haberler-arap-uluslararasi-politika","category-son-haberler","tag-katar-emiri","tag-moskova","tag-rusya-federal-meclisi-baskani-valentina-matviyenko","tag-seyh-temim-bin-hamad-al-thani","tag-teror-orgutleri-listesi"],"_links":{"self":[{"href":"https:\/\/archive.sana.sy\/tr\/index.php?rest_route=\/wp\/v2\/posts\/58234","targetHints":{"allow":["GET"]}}],"collection":[{"href":"https:\/\/archive.sana.sy\/tr\/index.php?rest_route=\/wp\/v2\/posts"}],"about":[{"href":"https:\/\/archive.sana.sy\/tr\/index.php?rest_route=\/wp\/v2\/types\/post"}],"author":[{"embeddable":true,"href":"https:\/\/archive.sana.sy\/tr\/index.php?rest_route=\/wp\/v2\/users\/1"}],"replies":[{"embeddable":true,"href":"https:\/\/archive.sana.sy\/tr\/index.php?rest_route=%2Fwp%2Fv2%2Fcomments&post=58234"}],"version-history":[{"count":0,"href":"https:\/\/archive.sana.sy\/tr\/index.php?rest_route=\/wp\/v2\/posts\/58234\/revisions"}],"wp:featuredmedia":[{"embeddable":true,"href":"https:\/\/archive.sana.sy\/tr\/index.php?rest_route=\/wp\/v2\/media\/58236"}],"wp:attachment":[{"href":"https:\/\/archive.sana.sy\/tr\/index.php?rest_route=%2Fwp%2Fv2%2Fmedia&parent=58234"}],"wp:term":[{"taxonomy":"category","embeddable":true,"href":"https:\/\/archive.sana.sy\/tr\/index.php?rest_route=%2Fwp%2Fv2%2Fcategories&post=58234"},{"taxonomy":"post_tag","embeddable":true,"href":"https:\/\/archive.sana.sy\/tr\/index.php?rest_route=%2Fwp%2Fv2%2Ftags&post=58234"}],"curies":[{"name":"wp","href":"https:\/\/api.w.org\/{rel}","templated":true}]}}