{"id":58235,"date":"2016-01-18T10:30:11","date_gmt":"2016-01-18T08:30:11","guid":{"rendered":"http:\/\/sana.sy\/tr\/?p=58235"},"modified":"2016-01-18T15:53:56","modified_gmt":"2016-01-18T13:53:56","slug":"tam-anlamiyla-bir-facia","status":"publish","type":"post","link":"https:\/\/archive.sana.sy\/tr\/?p=58235","title":{"rendered":"Tam Anlam\u0131yla Bir Facia"},"content":{"rendered":"<p>BEYRUT \u2013 Uluslararas\u0131 \u0130nsan Haklar\u0131 Komitesinin Ortado\u011fu B\u00fcy\u00fckel\u00e7isi Heysem Ebu Sait; vahhabi Suudi rejimi ve komutas\u0131ndaki koalisyonun Yemen\u2019e y\u00f6nelik sald\u0131r\u0131lar\u0131nda son 9 ay i\u00e7inde 1725\u2019ten fazla \u00e7ocu\u011fu katlettiklerini belirtti.<\/p>\n<p>Ebu Sait Uluslararas\u0131 Amerikan Parlamentosu Temsilcilik Ofisinin haz\u0131rlad\u0131\u011f\u0131 rapora dikkat \u00e7ekti. Suudi rejimi ve koalisyonunun Yemen\u2019de 7411 insani \u00f6ld\u00fcrd\u00fcklerine vurgu yapan Ebu Sait, bunlar\u0131n %23 oranla \u00e7ocuk oldu\u011funun alt\u0131n\u0131 \u00e7izdi. Ebu Sait \u00f6lenlerin aras\u0131nda 1309 kad\u0131n\u0131n bulundu\u011funu ifade ederken bunlar\u0131n da %18\u2019i olu\u015fturdu\u011funa i\u015faret etti.<\/p>\n<p>Suudi ve rejiminin sald\u0131r\u0131lar\u0131nda Yemenli 13 bin 846 ki\u015finin de yaraland\u0131\u011f\u0131n\u0131 belirten Ebu Sait; bunlar\u0131n 1492\u2019inin yine \u00e7ocuk oldu\u011funu a\u00e7\u0131klad\u0131. Ebu Sait Suudi rejimi ve koalisyonunun sald\u0131r\u0131lar\u0131na maruz kalan yemen halk\u0131n\u0131n d\u00fcnyada bulunan insan haklar\u0131, \u00e7ocuk esirgeme kurumlar\u0131 ve d\u00fcnya kamuoyunun sessizli\u011fi g\u00f6lgesinde insanl\u0131k d\u0131\u015f\u0131 bir sava\u015f\u0131n yan\u0131 s\u0131ra her t\u00fcrl\u00fc ila\u00e7 ve g\u0131dan\u0131n yasakland\u0131\u011f\u0131 bir abluka alt\u0131nda ya\u015fad\u0131\u011f\u0131na vurgu yapt\u0131.<\/p>\n<p>Ebu Sait Suudi rejimi ve koalisyonunun son 9 ay i\u00e7inde Yemen\u2019de 452 k\u00f6pr\u00fc, 146 su deposu, 122 elektrik santrali, 140 ileti\u015fim \u015febekesi, 14 liman, 10 havaliman\u0131 ve daha bir\u00e7ok altyap\u0131y\u0131 imha etti\u011fini a\u00e7\u0131klarken t\u00fcm bunlar\u0131n Yemen halk\u0131 i\u00e7inde facialara yol a\u00e7t\u0131\u011f\u0131n\u0131 belirtti. D\u00fcnyada kendini muteber sayan medya ara\u00e7lar\u0131 ve kurumlar\u0131n t\u00fcm bu vah\u015fet kar\u015f\u0131s\u0131nda sessiz kald\u0131\u011f\u0131na dikkat \u00e7eken Ebu Sait; bunun modern tarih ve insnal\u0131\u011f\u0131n ap a\u00e7\u0131k y\u00fcz karas\u0131 say\u0131ld\u0131\u011f\u0131n\u0131 s\u00f6yledi.<\/p>\n<p>Ebu Sait Suudi rejiminin Yemen\u2019de sivillere ait 319 bin 957 evi y\u0131kt\u0131\u011f\u0131n\u0131, 900 bin insani evinden bark\u0131ndan edip sokaklara d\u00f6kt\u00fc\u011f\u00fcn\u00fc s\u00f6yledi. Suudi rejiminin ayr\u0131ca 517 cami, 506 e\u011fitim kurumunu da bombalad\u0131\u011f\u0131n\u0131 s\u00f6yleyen Ebu Sait; 3750 okul, 36 fak\u00fclte, 229 hastane, 16 medya kurumun da hizmet d\u0131\u015f\u0131 kald\u0131\u011f\u0131n\u0131 belirtti.<\/p>\n<p>Ebu Sait t\u00fcm bu rakamlar\u0131n sadece ve sadece bu ay\u0131n ortalar\u0131na dek ilk veriler \u00fczerine haz\u0131rlanm\u0131\u015f oldu\u011funun alt\u0131n\u0131 \u00e7izerken ger\u00e7e\u011fin \u00e7ok daha vahim oldu\u011funa vurgu yapt\u0131.<\/p>\n","protected":false},"excerpt":{"rendered":"<p>BEYRUT \u2013 Uluslararas\u0131 \u0130nsan Haklar\u0131 Komitesinin Ortado\u011fu B\u00fcy\u00fckel\u00e7isi Heysem Ebu Sait; vahhabi Suudi rejimi ve komutas\u0131ndaki koalisyonun Yemen\u2019e y\u00f6nelik sald\u0131r\u0131lar\u0131nda son 9 ay i\u00e7inde 1725\u2019ten fazla \u00e7ocu\u011fu katlettiklerini belirtti. Ebu Sait Uluslararas\u0131 Amerikan Parlamentosu Temsilcilik Ofisinin haz\u0131rlad\u0131\u011f\u0131 rapora dikkat \u00e7ekti. Suudi rejimi ve koalisyonunun Yemen\u2019de 7411 insani \u00f6ld\u00fcrd\u00fcklerine vurgu yapan Ebu Sait, bunlar\u0131n %23 oranla &hellip;<\/p>\n","protected":false},"author":1,"featured_media":58239,"comment_status":"closed","ping_status":"closed","sticky":false,"template":"","format":"standard","meta":{"footnotes":""},"categories":[458,459,17988],"tags":[18660,18662,18661,8492,2733,18659,14147,11237,1543,18658],"class_list":["post-58235","post","type-post","status-publish","format-standard","has-post-thumbnail","","category-dunya1","category-haberler-arap-uluslararasi-politika","category-son-haberler","tag-cocuk","tag-heysem-ebu-sait","tag-sana-kenti","tag-sivil","tag-suudi-arabistan","tag-suudi-koalisyonu","tag-suudi-rejimi","tag-vahhabi","tag-yemen","tag-yemen-halki"],"_links":{"self":[{"href":"https:\/\/archive.sana.sy\/tr\/index.php?rest_route=\/wp\/v2\/posts\/58235","targetHints":{"allow":["GET"]}}],"collection":[{"href":"https:\/\/archive.sana.sy\/tr\/index.php?rest_route=\/wp\/v2\/posts"}],"about":[{"href":"https:\/\/archive.sana.sy\/tr\/index.php?rest_route=\/wp\/v2\/types\/post"}],"author":[{"embeddable":true,"href":"https:\/\/archive.sana.sy\/tr\/index.php?rest_route=\/wp\/v2\/users\/1"}],"replies":[{"embeddable":true,"href":"https:\/\/archive.sana.sy\/tr\/index.php?rest_route=%2Fwp%2Fv2%2Fcomments&post=58235"}],"version-history":[{"count":0,"href":"https:\/\/archive.sana.sy\/tr\/index.php?rest_route=\/wp\/v2\/posts\/58235\/revisions"}],"wp:featuredmedia":[{"embeddable":true,"href":"https:\/\/archive.sana.sy\/tr\/index.php?rest_route=\/wp\/v2\/media\/58239"}],"wp:attachment":[{"href":"https:\/\/archive.sana.sy\/tr\/index.php?rest_route=%2Fwp%2Fv2%2Fmedia&parent=58235"}],"wp:term":[{"taxonomy":"category","embeddable":true,"href":"https:\/\/archive.sana.sy\/tr\/index.php?rest_route=%2Fwp%2Fv2%2Fcategories&post=58235"},{"taxonomy":"post_tag","embeddable":true,"href":"https:\/\/archive.sana.sy\/tr\/index.php?rest_route=%2Fwp%2Fv2%2Ftags&post=58235"}],"curies":[{"name":"wp","href":"https:\/\/api.w.org\/{rel}","templated":true}]}}