{"id":58238,"date":"2016-01-18T11:00:41","date_gmt":"2016-01-18T09:00:41","guid":{"rendered":"http:\/\/sana.sy\/tr\/?p=58238"},"modified":"2016-01-19T16:02:41","modified_gmt":"2016-01-19T14:02:41","slug":"isid-ve-diger-teror-orgutlere-destek-kesilmelidir","status":"publish","type":"post","link":"https:\/\/archive.sana.sy\/tr\/?p=58238","title":{"rendered":"I\u015e\u0130D ve Di\u011fer Ter\u00f6r \u00d6rg\u00fctlere Destek Kesilmelidir"},"content":{"rendered":"<p>\u015eAM \u2013 D\u0131\u015fi\u015fleri ve Gurbet\u00e7iler Bakanl\u0131\u011f\u0131 bug\u00fcn; I\u015e\u0130D\u2019in iki g\u00fcn \u00f6nce Deyrezzor k\u0131rsal\u0131n\u0131n B\u011fayliye K\u00f6y\u00fcnde i\u015fledi\u011fi ve 300\u2019e yak\u0131n masum insan\u0131n kurban gitti\u011fi katliam\u0131 konusunda BM genel sekreteri ve G\u00fcvenlik Konseyi ba\u015fkan\u0131na e\u015f iki resmi mektup g\u00f6nderdi.<\/p>\n<p>Bakanl\u0131k SANA\u2019n\u0131n da bir n\u00fcshas\u0131n\u0131 ald\u0131\u011f\u0131 resmi mektubunda belli ba\u015fl\u0131 rejimler taraf\u0131ndan desteklenen tekfirci \u00f6rg\u00fct\u00fcn B\u011fayliye\u2019de i\u015fledikleri bu vah\u015fet hakk\u0131nda bilgi aktar\u0131rken, bu katliam\u0131n Suriye&#8217;de muhtelif isimler alt\u0131nda faaliyet g\u00f6steren ter\u00f6r \u00f6rg\u00fctleri vah\u015fetinin bir uzant\u0131s\u0131 oldu\u011funa dikkat \u00e7ekti. Bunun g\u00f6lgesinde Suriye&#8217;nin ter\u00f6re kar\u015f\u0131 sava\u015f\u0131n\u0131 s\u00fcrd\u00fcrmekle birlikte ulusal egemenli\u011fini ve halk\u0131n\u0131n g\u00fcvenli\u011fini koruma kararl\u0131l\u0131\u011f\u0131n\u0131 s\u00fcrd\u00fcrd\u00fc\u011f\u00fcn\u00fcn alt\u0131n\u0131 \u00e7izen Bakanl\u0131k; bu vah\u015fetin k\u0131nanmas\u0131n\u0131 talep etti.<\/p>\n<p>Bakanl\u0131k G\u00fcvenlik Konseyinden ter\u00f6rle m\u00fccadele ve ter\u00f6re deste\u011fin kesilmesinde ilgili kararlar\u0131 kapsam\u0131nda \u00fcst\u00fcne d\u00fc\u015fen g\u00f6rev ve sorumluluklar\u0131 etkin bir \u015fekilde \u00fcstlenmesini talep etti. T\u00fcrkiye&#8217;deki rejimin yan\u0131 s\u0131ra Suudi Arabistan ve Katar\u2019\u0131n tekfirci ter\u00f6re deste\u011finin alt\u0131n\u0131 \u00e7izen Bakanl\u0131k; ter\u00f6ristlerin bu deste\u011fin sayesinde Suriye halk\u0131na kar\u015f\u0131 katliamlar\u0131n\u0131 s\u00fcrd\u00fcr\u00fcp kad\u0131n, \u00e7ocuk ya\u015fl\u0131 demeden so\u011fukkanl\u0131l\u0131kla insanlar\u0131 katlettiklerine dikkat \u00e7ekti.<\/p>\n<p>Bakanl\u0131k I\u015e\u0130D, Nusra Cephesi, \u0130slam Ordusu, \u0130slami Cephe, Fetih Ordusu, \u00d6zg\u00fcr Ordu, Ahrar el \u015eam \u0130slami Hareketi ve daha ba\u015fka isimler alt\u0131ndaki ter\u00f6r \u00f6rg\u00fctlerin Suriye&#8217;de savunmas\u0131z sivil insanlara kar\u015f\u0131 vah\u015fetlerinin G\u00fcvenlik Konseyi ve uluslar aras\u0131 toplumdan ter\u00f6re kar\u015f\u0131 m\u00fccadelede daha etkin bir rol oynamalar\u0131n\u0131 gerektirdi\u011finin alt\u0131n\u0131 \u00e7izdi.<\/p>\n<p>I\u015e\u0130D ve di\u011fer ter\u00f6r \u00e7etelerinin sivillere kar\u015f\u0131 i\u015fledikleri bu vah\u015fetlerin ABD ve komutas\u0131ndaki koalisyonun g\u00f6z\u00fc \u00f6n\u00fcnde ger\u00e7ekle\u015fti\u011finin alt\u0131n\u0131 \u00e7izen Bakanl\u0131k; bunun mukabilinde Suriye ordusu ve Rus hava g\u00fc\u00e7lerinin ise ter\u00f6re kar\u015f\u0131 amans\u0131z ve aral\u0131ks\u0131z bir sava\u015f y\u00fcr\u00fctt\u00fcklerine vurgu yapt\u0131.<\/p>\n","protected":false},"excerpt":{"rendered":"<p>\u015eAM \u2013 D\u0131\u015fi\u015fleri ve Gurbet\u00e7iler Bakanl\u0131\u011f\u0131 bug\u00fcn; I\u015e\u0130D\u2019in iki g\u00fcn \u00f6nce Deyrezzor k\u0131rsal\u0131n\u0131n B\u011fayliye K\u00f6y\u00fcnde i\u015fledi\u011fi ve 300\u2019e yak\u0131n masum insan\u0131n kurban gitti\u011fi katliam\u0131 konusunda BM genel sekreteri ve G\u00fcvenlik Konseyi ba\u015fkan\u0131na e\u015f iki resmi mektup g\u00f6nderdi. Bakanl\u0131k SANA\u2019n\u0131n da bir n\u00fcshas\u0131n\u0131 ald\u0131\u011f\u0131 resmi mektubunda belli ba\u015fl\u0131 rejimler taraf\u0131ndan desteklenen tekfirci \u00f6rg\u00fct\u00fcn B\u011fayliye\u2019de i\u015fledikleri bu &hellip;<\/p>\n","protected":false},"author":1,"featured_media":58242,"comment_status":"closed","ping_status":"closed","sticky":false,"template":"","format":"standard","meta":{"footnotes":""},"categories":[479,17988,2554,2555,478],"tags":[],"class_list":["post-58238","post","type-post","status-publish","format-standard","has-post-thumbnail","","category-haberler-yerel","category-son-haberler","category-suriye-ve-dunya","category-suriye-ve-turkiye","category-yerel"],"_links":{"self":[{"href":"https:\/\/archive.sana.sy\/tr\/index.php?rest_route=\/wp\/v2\/posts\/58238","targetHints":{"allow":["GET"]}}],"collection":[{"href":"https:\/\/archive.sana.sy\/tr\/index.php?rest_route=\/wp\/v2\/posts"}],"about":[{"href":"https:\/\/archive.sana.sy\/tr\/index.php?rest_route=\/wp\/v2\/types\/post"}],"author":[{"embeddable":true,"href":"https:\/\/archive.sana.sy\/tr\/index.php?rest_route=\/wp\/v2\/users\/1"}],"replies":[{"embeddable":true,"href":"https:\/\/archive.sana.sy\/tr\/index.php?rest_route=%2Fwp%2Fv2%2Fcomments&post=58238"}],"version-history":[{"count":0,"href":"https:\/\/archive.sana.sy\/tr\/index.php?rest_route=\/wp\/v2\/posts\/58238\/revisions"}],"wp:featuredmedia":[{"embeddable":true,"href":"https:\/\/archive.sana.sy\/tr\/index.php?rest_route=\/wp\/v2\/media\/58242"}],"wp:attachment":[{"href":"https:\/\/archive.sana.sy\/tr\/index.php?rest_route=%2Fwp%2Fv2%2Fmedia&parent=58238"}],"wp:term":[{"taxonomy":"category","embeddable":true,"href":"https:\/\/archive.sana.sy\/tr\/index.php?rest_route=%2Fwp%2Fv2%2Fcategories&post=58238"},{"taxonomy":"post_tag","embeddable":true,"href":"https:\/\/archive.sana.sy\/tr\/index.php?rest_route=%2Fwp%2Fv2%2Ftags&post=58238"}],"curies":[{"name":"wp","href":"https:\/\/api.w.org\/{rel}","templated":true}]}}