{"id":58241,"date":"2016-01-18T13:14:17","date_gmt":"2016-01-18T11:14:17","guid":{"rendered":"http:\/\/sana.sy\/tr\/?p=58241"},"modified":"2016-01-18T16:39:15","modified_gmt":"2016-01-18T14:39:15","slug":"turk-yetkilerin-bulastigini-kanitlayan-deliller-var","status":"publish","type":"post","link":"https:\/\/archive.sana.sy\/tr\/?p=58241","title":{"rendered":"T\u00fcrk Yetkilerin Bula\u015ft\u0131\u011f\u0131n\u0131 Kan\u0131tlayan Deliller Var"},"content":{"rendered":"<p>BERL\u0130N \u2013 Yunanistan Cumhurba\u015fkan\u0131 Prokopis Pavlopoulos T\u00fcrk yetkililerin insan ticareti yapanlarla i\u015fbirli\u011fi i\u00e7inde olduklar\u0131n\u0131 kan\u0131tlayan belgelerin bulundu\u011funu belirtti.<\/p>\n<p>Alman S\u00fcddeutsche Zeitung Gazetesinin bug\u00fcn yay\u0131nlad\u0131\u011f\u0131 ve Reuters Ajans\u0131n\u0131n aktard\u0131\u011f\u0131 a\u00e7\u0131klamalar\u0131nda Pavlopoulos; T\u00fcrkiye&#8217;de yetkililer ve insan ka\u00e7ak\u00e7\u0131lar\u0131n\u0131n m\u00fclteci krizini f\u0131rsat olarak kulland\u0131klar\u0131n\u0131 s\u00f6yledi. Pavlopoulos T\u00fcrk yetkilerin insan ka\u00e7ak\u00e7\u0131lar\u0131na g\u00f6z yumduklar\u0131n\u0131 ifade ederken, bu yetkilerin insan ka\u00e7ak\u00e7\u0131lar\u0131yla i\u015fbirli\u011finde olduklar\u0131n\u0131 kan\u0131tlayan \u00e7ok say\u0131da delilin bulundu\u011funa dikkat \u00e7ekti.<\/p>\n<p>Avrupa Birli\u011finin, m\u00fclteci ak\u0131n\u0131na s\u0131n\u0131r koymas\u0131 i\u00e7in Erdo\u011fan rejimi ile sa\u011flad\u0131\u011f\u0131 anla\u015fma ve bunun kar\u015f\u0131l\u0131\u011f\u0131nda ona 3 milyar euro vermesi konusunda ise Pavlopoulos; Erdo\u011fan ve rejiminin bu y\u00f6nde \u00fcst\u00fcne d\u00fc\u015fen sorumlulu\u011fu yerine getirmedi\u011fini belirtti.<\/p>\n","protected":false},"excerpt":{"rendered":"<p>BERL\u0130N \u2013 Yunanistan Cumhurba\u015fkan\u0131 Prokopis Pavlopoulos T\u00fcrk yetkililerin insan ticareti yapanlarla i\u015fbirli\u011fi i\u00e7inde olduklar\u0131n\u0131 kan\u0131tlayan belgelerin bulundu\u011funu belirtti. Alman S\u00fcddeutsche Zeitung Gazetesinin bug\u00fcn yay\u0131nlad\u0131\u011f\u0131 ve Reuters Ajans\u0131n\u0131n aktard\u0131\u011f\u0131 a\u00e7\u0131klamalar\u0131nda Pavlopoulos; T\u00fcrkiye&#8217;de yetkililer ve insan ka\u00e7ak\u00e7\u0131lar\u0131n\u0131n m\u00fclteci krizini f\u0131rsat olarak kulland\u0131klar\u0131n\u0131 s\u00f6yledi. Pavlopoulos T\u00fcrk yetkilerin insan ka\u00e7ak\u00e7\u0131lar\u0131na g\u00f6z yumduklar\u0131n\u0131 ifade ederken, bu yetkilerin insan ka\u00e7ak\u00e7\u0131lar\u0131yla i\u015fbirli\u011finde &hellip;<\/p>\n","protected":false},"author":1,"featured_media":58245,"comment_status":"closed","ping_status":"closed","sticky":false,"template":"","format":"standard","meta":{"footnotes":""},"categories":[458,459,17988],"tags":[17242,18066,18663,18665,17096,16718,18442,18666,18664],"class_list":["post-58241","post","type-post","status-publish","format-standard","has-post-thumbnail","","category-dunya1","category-haberler-arap-uluslararasi-politika","category-son-haberler","tag-avrupa-birligi","tag-erdogan-rejimi","tag-multeci-sorunu","tag-prokopis-pavlopoulos","tag-recep-tayip-erdogan","tag-siginmacilar","tag-suriyeli-multeciler","tag-turk-yetkililer","tag-yunanistan-cumhrubaskani"],"_links":{"self":[{"href":"https:\/\/archive.sana.sy\/tr\/index.php?rest_route=\/wp\/v2\/posts\/58241","targetHints":{"allow":["GET"]}}],"collection":[{"href":"https:\/\/archive.sana.sy\/tr\/index.php?rest_route=\/wp\/v2\/posts"}],"about":[{"href":"https:\/\/archive.sana.sy\/tr\/index.php?rest_route=\/wp\/v2\/types\/post"}],"author":[{"embeddable":true,"href":"https:\/\/archive.sana.sy\/tr\/index.php?rest_route=\/wp\/v2\/users\/1"}],"replies":[{"embeddable":true,"href":"https:\/\/archive.sana.sy\/tr\/index.php?rest_route=%2Fwp%2Fv2%2Fcomments&post=58241"}],"version-history":[{"count":0,"href":"https:\/\/archive.sana.sy\/tr\/index.php?rest_route=\/wp\/v2\/posts\/58241\/revisions"}],"wp:featuredmedia":[{"embeddable":true,"href":"https:\/\/archive.sana.sy\/tr\/index.php?rest_route=\/wp\/v2\/media\/58245"}],"wp:attachment":[{"href":"https:\/\/archive.sana.sy\/tr\/index.php?rest_route=%2Fwp%2Fv2%2Fmedia&parent=58241"}],"wp:term":[{"taxonomy":"category","embeddable":true,"href":"https:\/\/archive.sana.sy\/tr\/index.php?rest_route=%2Fwp%2Fv2%2Fcategories&post=58241"},{"taxonomy":"post_tag","embeddable":true,"href":"https:\/\/archive.sana.sy\/tr\/index.php?rest_route=%2Fwp%2Fv2%2Ftags&post=58241"}],"curies":[{"name":"wp","href":"https:\/\/api.w.org\/{rel}","templated":true}]}}