{"id":58271,"date":"2016-01-19T09:00:10","date_gmt":"2016-01-19T07:00:10","guid":{"rendered":"http:\/\/sana.sy\/tr\/?p=58271"},"modified":"2016-01-19T12:42:04","modified_gmt":"2016-01-19T10:42:04","slug":"suriye-hukumeti-ve-halkinin-mucadelesi-sayesinde-ikna-oldu","status":"publish","type":"post","link":"https:\/\/archive.sana.sy\/tr\/?p=58271","title":{"rendered":"Suriye H\u00fck\u00fcmeti ve Halk\u0131n\u0131n M\u00fccadelesi Sayesinde \u0130kna Oldu"},"content":{"rendered":"<p>TAHRAN \u2013 \u0130ran D\u0131\u015fi\u015fleri Bakan\u0131 Muhammed Cevat Zarif; d\u00fcnyan\u0131n Suriye&#8217;deki krizin siyasi yollarla \u00e7\u00f6z\u00fclmesi gere\u011fine ikna olmalar\u0131n\u0131n, Suriye h\u00fck\u00fcmeti, direni\u015f ve Suriye halk\u0131n\u0131n m\u00fccadelesi sayesinde oldu\u011funu belirtti.<\/p>\n<p>\u0130ranl\u0131 Tesnim Ajans\u0131n\u0131n aktard\u0131\u011f\u0131 a\u00e7\u0131klamalar\u0131nda Zarif; Suudi rejimini tutum ve politikalar\u0131n\u0131 g\u00f6zden ge\u00e7irmeye ve hatalar\u0131n\u0131 d\u00fczeltmeye \u00e7a\u011f\u0131r\u0131rken, aksi halde bu politikalardan en \u00e7ok zarar g\u00f6renin kendisi olaca\u011f\u0131n\u0131 s\u00f6yledi.<\/p>\n","protected":false},"excerpt":{"rendered":"<p>TAHRAN \u2013 \u0130ran D\u0131\u015fi\u015fleri Bakan\u0131 Muhammed Cevat Zarif; d\u00fcnyan\u0131n Suriye&#8217;deki krizin siyasi yollarla \u00e7\u00f6z\u00fclmesi gere\u011fine ikna olmalar\u0131n\u0131n, Suriye h\u00fck\u00fcmeti, direni\u015f ve Suriye halk\u0131n\u0131n m\u00fccadelesi sayesinde oldu\u011funu belirtti. \u0130ranl\u0131 Tesnim Ajans\u0131n\u0131n aktard\u0131\u011f\u0131 a\u00e7\u0131klamalar\u0131nda Zarif; Suudi rejimini tutum ve politikalar\u0131n\u0131 g\u00f6zden ge\u00e7irmeye ve hatalar\u0131n\u0131 d\u00fczeltmeye \u00e7a\u011f\u0131r\u0131rken, aksi halde bu politikalardan en \u00e7ok zarar g\u00f6renin kendisi olaca\u011f\u0131n\u0131 s\u00f6yledi.<\/p>\n","protected":false},"author":1,"featured_media":48778,"comment_status":"closed","ping_status":"closed","sticky":false,"template":"","format":"standard","meta":{"footnotes":""},"categories":[458,459,17988],"tags":[16943],"class_list":["post-58271","post","type-post","status-publish","format-standard","has-post-thumbnail","","category-dunya1","category-haberler-arap-uluslararasi-politika","category-son-haberler","tag-iran-disisleri-bakani-muhammed-cevat-zarif"],"_links":{"self":[{"href":"https:\/\/archive.sana.sy\/tr\/index.php?rest_route=\/wp\/v2\/posts\/58271","targetHints":{"allow":["GET"]}}],"collection":[{"href":"https:\/\/archive.sana.sy\/tr\/index.php?rest_route=\/wp\/v2\/posts"}],"about":[{"href":"https:\/\/archive.sana.sy\/tr\/index.php?rest_route=\/wp\/v2\/types\/post"}],"author":[{"embeddable":true,"href":"https:\/\/archive.sana.sy\/tr\/index.php?rest_route=\/wp\/v2\/users\/1"}],"replies":[{"embeddable":true,"href":"https:\/\/archive.sana.sy\/tr\/index.php?rest_route=%2Fwp%2Fv2%2Fcomments&post=58271"}],"version-history":[{"count":0,"href":"https:\/\/archive.sana.sy\/tr\/index.php?rest_route=\/wp\/v2\/posts\/58271\/revisions"}],"wp:featuredmedia":[{"embeddable":true,"href":"https:\/\/archive.sana.sy\/tr\/index.php?rest_route=\/wp\/v2\/media\/48778"}],"wp:attachment":[{"href":"https:\/\/archive.sana.sy\/tr\/index.php?rest_route=%2Fwp%2Fv2%2Fmedia&parent=58271"}],"wp:term":[{"taxonomy":"category","embeddable":true,"href":"https:\/\/archive.sana.sy\/tr\/index.php?rest_route=%2Fwp%2Fv2%2Fcategories&post=58271"},{"taxonomy":"post_tag","embeddable":true,"href":"https:\/\/archive.sana.sy\/tr\/index.php?rest_route=%2Fwp%2Fv2%2Ftags&post=58271"}],"curies":[{"name":"wp","href":"https:\/\/api.w.org\/{rel}","templated":true}]}}