{"id":58272,"date":"2016-01-18T19:41:13","date_gmt":"2016-01-18T17:41:13","guid":{"rendered":"http:\/\/sana.sy\/tr\/?p=58272"},"modified":"2016-01-19T13:10:38","modified_gmt":"2016-01-19T11:10:38","slug":"ordu-birliklerimiz-hama-kirsalinin-guneybatisi-talf-beldesinde-erdogan-ve-al-suud-rejimlerinin-destekledikleri-teroristlere-yonelik-operasyonlarinda-aralarinda-sakir-kureys-tumeni-ad","status":"publish","type":"post","link":"https:\/\/archive.sana.sy\/tr\/?p=58272","title":{"rendered":"Ordu birliklerimiz Hama k\u0131rsal\u0131n\u0131n g\u00fcneybat\u0131s\u0131 Talf Beldesinde Erdo\u011fan ve Al Suud rejimlerinin destekledikleri ter\u00f6ristlere y\u00f6nelik operasyonlar\u0131nda aralar\u0131nda \u2018Sak\u0131r Kurey\u015f T\u00fcmeni\u2019 ad\u0131yla bilinen \u00e7etelerin s\u00f6zde askeri komutan\u0131 \u2018Ebu \u015eekib\u2019 ve \u2018Murabitin Taburu\u2019 adl\u0131 \u00e7etelerin komutan\u0131 Abd\u00fcrrahman el Mustafa\u2019n\u0131n aralar\u0131nda bulundu\u011fu \u00e7ok say\u0131da ter\u00f6risti \u00f6ld\u00fcrd\u00fc."},"content":{"rendered":"<p>Ordu birliklerimiz Hama k\u0131rsal\u0131n\u0131n g\u00fcneybat\u0131s\u0131 Talf Beldesinde Erdo\u011fan ve Al Suud rejimlerinin destekledikleri ter\u00f6ristlere y\u00f6nelik operasyonlar\u0131nda aralar\u0131nda \u2018Sak\u0131r Kurey\u015f T\u00fcmeni\u2019 ad\u0131yla bilinen \u00e7etelerin s\u00f6zde askeri komutan\u0131 \u2018Ebu \u015eekib\u2019 ve \u2018Murabitin Taburu\u2019 adl\u0131 \u00e7etelerin komutan\u0131 Abd\u00fcrrahman el Mustafa\u2019n\u0131n aralar\u0131nda bulundu\u011fu \u00e7ok say\u0131da ter\u00f6risti \u00f6ld\u00fcrd\u00fc.<\/p>\n","protected":false},"excerpt":{"rendered":"<p>Ordu birliklerimiz Hama k\u0131rsal\u0131n\u0131n g\u00fcneybat\u0131s\u0131 Talf Beldesinde Erdo\u011fan ve Al Suud rejimlerinin destekledikleri ter\u00f6ristlere y\u00f6nelik operasyonlar\u0131nda aralar\u0131nda \u2018Sak\u0131r Kurey\u015f T\u00fcmeni\u2019 ad\u0131yla bilinen \u00e7etelerin s\u00f6zde askeri komutan\u0131 \u2018Ebu \u015eekib\u2019 ve \u2018Murabitin Taburu\u2019 adl\u0131 \u00e7etelerin komutan\u0131 Abd\u00fcrrahman el Mustafa\u2019n\u0131n aralar\u0131nda bulundu\u011fu \u00e7ok say\u0131da ter\u00f6risti \u00f6ld\u00fcrd\u00fc.<\/p>\n","protected":false},"author":1,"featured_media":0,"comment_status":"closed","ping_status":"closed","sticky":false,"template":"","format":"standard","meta":{"footnotes":""},"categories":[17991],"tags":[],"class_list":["post-58272","post","type-post","status-publish","format-standard","","category-son-dakika"],"_links":{"self":[{"href":"https:\/\/archive.sana.sy\/tr\/index.php?rest_route=\/wp\/v2\/posts\/58272","targetHints":{"allow":["GET"]}}],"collection":[{"href":"https:\/\/archive.sana.sy\/tr\/index.php?rest_route=\/wp\/v2\/posts"}],"about":[{"href":"https:\/\/archive.sana.sy\/tr\/index.php?rest_route=\/wp\/v2\/types\/post"}],"author":[{"embeddable":true,"href":"https:\/\/archive.sana.sy\/tr\/index.php?rest_route=\/wp\/v2\/users\/1"}],"replies":[{"embeddable":true,"href":"https:\/\/archive.sana.sy\/tr\/index.php?rest_route=%2Fwp%2Fv2%2Fcomments&post=58272"}],"version-history":[{"count":0,"href":"https:\/\/archive.sana.sy\/tr\/index.php?rest_route=\/wp\/v2\/posts\/58272\/revisions"}],"wp:attachment":[{"href":"https:\/\/archive.sana.sy\/tr\/index.php?rest_route=%2Fwp%2Fv2%2Fmedia&parent=58272"}],"wp:term":[{"taxonomy":"category","embeddable":true,"href":"https:\/\/archive.sana.sy\/tr\/index.php?rest_route=%2Fwp%2Fv2%2Fcategories&post=58272"},{"taxonomy":"post_tag","embeddable":true,"href":"https:\/\/archive.sana.sy\/tr\/index.php?rest_route=%2Fwp%2Fv2%2Ftags&post=58272"}],"curies":[{"name":"wp","href":"https:\/\/api.w.org\/{rel}","templated":true}]}}