{"id":58325,"date":"2016-01-19T15:55:26","date_gmt":"2016-01-19T13:55:26","guid":{"rendered":"http:\/\/sana.sy\/tr\/?p=58325"},"modified":"2016-01-20T14:48:03","modified_gmt":"2016-01-20T12:48:03","slug":"suriye-cinin-butunlugunden-yana-tutumunu-yineledi","status":"publish","type":"post","link":"https:\/\/archive.sana.sy\/tr\/?p=58325","title":{"rendered":"Suriye, \u00c7in\u2019in B\u00fct\u00fcnl\u00fc\u011f\u00fcnden Yana Tutumunu Yineledi"},"content":{"rendered":"<p>\u015eAM \u2013 Suriye bug\u00fcn; \u00c7in Halk Cumhuriyetinin birlik ve b\u00fct\u00fcnl\u00fc\u011f\u00fcnden yana tutumunu yinelerken, i\u00e7i\u015flerine herhangi bir d\u0131\u015f m\u00fcdahaleyi reddetti\u011fini belirtti.<\/p>\n<p>D\u0131\u015fi\u015fleri ve Gurbet\u00e7iler Bakanl\u0131\u011f\u0131nda yetkili bir kaynak bug\u00fcn yay\u0131nlad\u0131\u011f\u0131 ve bir n\u00fcshas\u0131 SANA\u2019ya ula\u015ft\u0131r\u0131lan beyanda; Tayvan\u2019da son olarak yap\u0131lan yerel se\u00e7imler ard\u0131ndan Suriye&#8217;nin, Tayvan yetkililerinin 1992 y\u0131l\u0131 tarihli anla\u015fmaya sayg\u0131 ve ba\u011fl\u0131l\u0131k g\u00f6stermeleri \u00f6nemine i\u015faret etti. Kaynak Tayvan yetkililerinin \u00c7in halk\u0131n\u0131n \u00e7\u0131karlar\u0131na hizmet etmeyen provokat\u00f6r a\u00e7\u0131klamalardan ka\u00e7\u0131nmalar\u0131 gere\u011fini ifade ederken, Tayvan ile anavatan\u0131 \u00e7in aras\u0131ndaki g\u00fczel ili\u015fkileri de zedeleyebilece\u011fine dikkat \u00e7ekti.<\/p>\n","protected":false},"excerpt":{"rendered":"<p>\u015eAM \u2013 Suriye bug\u00fcn; \u00c7in Halk Cumhuriyetinin birlik ve b\u00fct\u00fcnl\u00fc\u011f\u00fcnden yana tutumunu yinelerken, i\u00e7i\u015flerine herhangi bir d\u0131\u015f m\u00fcdahaleyi reddetti\u011fini belirtti. D\u0131\u015fi\u015fleri ve Gurbet\u00e7iler Bakanl\u0131\u011f\u0131nda yetkili bir kaynak bug\u00fcn yay\u0131nlad\u0131\u011f\u0131 ve bir n\u00fcshas\u0131 SANA\u2019ya ula\u015ft\u0131r\u0131lan beyanda; Tayvan\u2019da son olarak yap\u0131lan yerel se\u00e7imler ard\u0131ndan Suriye&#8217;nin, Tayvan yetkililerinin 1992 y\u0131l\u0131 tarihli anla\u015fmaya sayg\u0131 ve ba\u011fl\u0131l\u0131k g\u00f6stermeleri \u00f6nemine i\u015faret &hellip;<\/p>\n","protected":false},"author":1,"featured_media":54806,"comment_status":"closed","ping_status":"closed","sticky":false,"template":"","format":"standard","meta":{"footnotes":""},"categories":[479,17988,478],"tags":[2621],"class_list":["post-58325","post","type-post","status-publish","format-standard","has-post-thumbnail","","category-haberler-yerel","category-son-haberler","category-yerel","tag-disisleri-ve-gurbetciler-bakanligi"],"_links":{"self":[{"href":"https:\/\/archive.sana.sy\/tr\/index.php?rest_route=\/wp\/v2\/posts\/58325","targetHints":{"allow":["GET"]}}],"collection":[{"href":"https:\/\/archive.sana.sy\/tr\/index.php?rest_route=\/wp\/v2\/posts"}],"about":[{"href":"https:\/\/archive.sana.sy\/tr\/index.php?rest_route=\/wp\/v2\/types\/post"}],"author":[{"embeddable":true,"href":"https:\/\/archive.sana.sy\/tr\/index.php?rest_route=\/wp\/v2\/users\/1"}],"replies":[{"embeddable":true,"href":"https:\/\/archive.sana.sy\/tr\/index.php?rest_route=%2Fwp%2Fv2%2Fcomments&post=58325"}],"version-history":[{"count":0,"href":"https:\/\/archive.sana.sy\/tr\/index.php?rest_route=\/wp\/v2\/posts\/58325\/revisions"}],"wp:featuredmedia":[{"embeddable":true,"href":"https:\/\/archive.sana.sy\/tr\/index.php?rest_route=\/wp\/v2\/media\/54806"}],"wp:attachment":[{"href":"https:\/\/archive.sana.sy\/tr\/index.php?rest_route=%2Fwp%2Fv2%2Fmedia&parent=58325"}],"wp:term":[{"taxonomy":"category","embeddable":true,"href":"https:\/\/archive.sana.sy\/tr\/index.php?rest_route=%2Fwp%2Fv2%2Fcategories&post=58325"},{"taxonomy":"post_tag","embeddable":true,"href":"https:\/\/archive.sana.sy\/tr\/index.php?rest_route=%2Fwp%2Fv2%2Ftags&post=58325"}],"curies":[{"name":"wp","href":"https:\/\/api.w.org\/{rel}","templated":true}]}}