{"id":5833,"date":"2014-07-25T12:55:31","date_gmt":"2014-07-25T09:55:31","guid":{"rendered":"http:\/\/www.sana.sy\/tr\/?p=5833"},"modified":"2014-07-26T10:27:11","modified_gmt":"2014-07-26T07:27:11","slug":"gazzede-sehit-bilancosu-buyuyor","status":"publish","type":"post","link":"https:\/\/archive.sana.sy\/tr\/?p=5833","title":{"rendered":"Gazze\u2019de \u015eehit Bilan\u00e7osu B\u00fcy\u00fcyor"},"content":{"rendered":"<p>GAZZE \u2013 Siyonist \u0130srail&#8217;in Gazze Kesimine vah\u015fi sald\u0131r\u0131lar\u0131 devam ederken, Filistinli t\u0131bbi bir kaynak bu g\u00fcn erken saatlere kadar bu sald\u0131r\u0131larda \u015fehit d\u00fc\u015fen Filistinlilerin say\u0131s\u0131n\u0131n yar\u0131s\u0131 kad\u0131n ve \u00e7ocuklardan olmak \u00fczere 870\u2019e y\u00fckseldi\u011fini a\u00e7\u0131klad\u0131.<\/p>\n<p>Gazze Kesiminde Acil Servis ve \u0130lk Yard\u0131m Komitesi S\u00f6zc\u00fcs\u00fc Dr E\u015fref el Kudra yay\u0131nlad\u0131\u011f\u0131 beyanda; \u0130srail&#8217;in Gazze Kesimine sald\u0131r\u0131s\u0131n\u0131n ba\u015f\u0131ndan beri b\u00fcy\u00fck \u00e7o\u011funlu\u011fu sivillerden olmak \u00fczere 800 Filistinlinin \u015fehit d\u00fc\u015ft\u00fc\u011f\u00fcn\u00fc belirtti.<\/p>\n<p>\u0130srail sava\u015f u\u00e7aklar\u0131n\u0131n bug\u00fcn Gazze kesiminin muhtelif b\u00f6lgelerini bombalamas\u0131 sonucunda ise aralar\u0131nda Filistin direni\u015f g\u00fc\u00e7lerinde bir komutan ve o\u011flunun bulundu\u011fu 15 Filistinli \u015fehit d\u00fc\u015ft\u00fc.<\/p>\n<p>\u00d6te yandan \u0130srail i\u015fgal otoriteleri Gazze Kesimine y\u00f6nelik barbar sald\u0131r\u0131lar\u0131 s\u0131ras\u0131nda \u0130srail ordusunda \u00f6zel birliklerden olu\u015fan Golani T\u00fcmeninde bir tabur komutan\u0131n\u0131n a\u011f\u0131r yaraland\u0131\u011f\u0131n\u0131 itiraf etti.<\/p>\n<p>Bu arada siyonist \u0130srail, Arap ve uluslar aras\u0131 resmi sessizli\u011fi f\u0131rsat bilerek 18 g\u00fcnden beri Gazze Kesiminde Filistinlilere kar\u015f\u0131 insanl\u0131k d\u0131\u015f\u0131 vah\u015fi sald\u0131r\u0131lar\u0131n\u0131 s\u00fcrd\u00fcr\u00fcyor.<\/p>\n<p>\u0130srail&#8217;in sald\u0131r\u0131lar\u0131na kar\u015f\u0131 koyan Filistinli direni\u015f g\u00fc\u00e7leri kesimin kuzeyi Beyt Hanun Kentinde \u0130srailli askeri bir g\u00fcc\u00fc bombal\u0131 bir eve \u00e7ekerek evi havaya u\u00e7urdu\u011funu a\u00e7\u0131klad\u0131. Direni\u015f g\u00fc\u00e7leri eylemde \u0130srailli bir\u00e7ok askerin \u00f6l\u00fc yaral\u0131 d\u00fc\u015ft\u00fcklerini belirtti.<\/p>\n<p>Kara operasyonlar\u0131nda i\u015fgal ordusuna ait bir\u00e7ok arac\u0131 hedef alan Filistinli direni\u015f g\u00fc\u00e7leri; \u0130srailli bir \u00e7ok askeri \u00f6l\u00fc yaral\u0131 d\u00fc\u015f\u00fcrmeyi ba\u015fard\u0131\u011f\u0131n\u0131 belirtti.<\/p>\n<p>\u00d6te yandan Filistinli direni\u015f g\u00fc\u00e7leri \u0130srail topraklar\u0131 olarak bilinen bir\u00e7ok b\u00f6lgede belirledi\u011fi hedefleri f\u00fcze ve roketlerle hedef almaya devam ediyor.<\/p>\n","protected":false},"excerpt":{"rendered":"<p>GAZZE \u2013 Siyonist \u0130srail&#8217;in Gazze Kesimine vah\u015fi sald\u0131r\u0131lar\u0131 devam ederken, Filistinli t\u0131bbi bir kaynak bu g\u00fcn erken saatlere kadar bu sald\u0131r\u0131larda \u015fehit d\u00fc\u015fen Filistinlilerin say\u0131s\u0131n\u0131n yar\u0131s\u0131 kad\u0131n ve \u00e7ocuklardan olmak \u00fczere 870\u2019e y\u00fckseldi\u011fini a\u00e7\u0131klad\u0131. Gazze Kesiminde Acil Servis ve \u0130lk Yard\u0131m Komitesi S\u00f6zc\u00fcs\u00fc Dr E\u015fref el Kudra yay\u0131nlad\u0131\u011f\u0131 beyanda; \u0130srail&#8217;in Gazze Kesimine sald\u0131r\u0131s\u0131n\u0131n ba\u015f\u0131ndan beri &hellip;<\/p>\n","protected":false},"author":1,"featured_media":5834,"comment_status":"closed","ping_status":"closed","sticky":false,"template":"","format":"standard","meta":{"footnotes":""},"categories":[458,459,447],"tags":[1279],"class_list":["post-5833","post","type-post","status-publish","format-standard","has-post-thumbnail","","category-dunya1","category-haberler-arap-uluslararasi-politika","category-politika","tag-gazzede-sehit-bilancosu-buyuyor"],"_links":{"self":[{"href":"https:\/\/archive.sana.sy\/tr\/index.php?rest_route=\/wp\/v2\/posts\/5833","targetHints":{"allow":["GET"]}}],"collection":[{"href":"https:\/\/archive.sana.sy\/tr\/index.php?rest_route=\/wp\/v2\/posts"}],"about":[{"href":"https:\/\/archive.sana.sy\/tr\/index.php?rest_route=\/wp\/v2\/types\/post"}],"author":[{"embeddable":true,"href":"https:\/\/archive.sana.sy\/tr\/index.php?rest_route=\/wp\/v2\/users\/1"}],"replies":[{"embeddable":true,"href":"https:\/\/archive.sana.sy\/tr\/index.php?rest_route=%2Fwp%2Fv2%2Fcomments&post=5833"}],"version-history":[{"count":0,"href":"https:\/\/archive.sana.sy\/tr\/index.php?rest_route=\/wp\/v2\/posts\/5833\/revisions"}],"wp:featuredmedia":[{"embeddable":true,"href":"https:\/\/archive.sana.sy\/tr\/index.php?rest_route=\/wp\/v2\/media\/5834"}],"wp:attachment":[{"href":"https:\/\/archive.sana.sy\/tr\/index.php?rest_route=%2Fwp%2Fv2%2Fmedia&parent=5833"}],"wp:term":[{"taxonomy":"category","embeddable":true,"href":"https:\/\/archive.sana.sy\/tr\/index.php?rest_route=%2Fwp%2Fv2%2Fcategories&post=5833"},{"taxonomy":"post_tag","embeddable":true,"href":"https:\/\/archive.sana.sy\/tr\/index.php?rest_route=%2Fwp%2Fv2%2Ftags&post=5833"}],"curies":[{"name":"wp","href":"https:\/\/api.w.org\/{rel}","templated":true}]}}