{"id":58346,"date":"2016-01-19T10:40:14","date_gmt":"2016-01-19T08:40:14","guid":{"rendered":"http:\/\/sana.sy\/tr\/?p=58346"},"modified":"2016-01-19T15:42:29","modified_gmt":"2016-01-19T13:42:29","slug":"multeciler-sorununu-cozmek-icin-suriyedeki-krize-son-vermek-sarttir","status":"publish","type":"post","link":"https:\/\/archive.sana.sy\/tr\/?p=58346","title":{"rendered":"M\u00fclteciler Sorununu \u00c7\u00f6zmek i\u00e7in Suriye&#8217;deki Krize Son Vermek \u015eartt\u0131r"},"content":{"rendered":"<p>BERL\u0130N \u2013 Almanya D\u0131\u015fi\u015fleri Bakan\u0131 Frank-Walter Steinmeier Avrupa \u00fclkelerinin ya\u015fad\u0131klar\u0131 \u2018m\u00fclteci krizinin\u2019 \u00e7\u00f6z\u00fcm\u00fcn\u00fcn, Suriye&#8217;deki krize \u00e7\u00f6z\u00fcm bulmakla ba\u011flant\u0131l\u0131 oldu\u011funu belirtti.<\/p>\n<p>Steinmeier bug\u00fcn bas\u0131na yapt\u0131\u011f\u0131 ve Reuters Ajans\u0131n\u0131n aktard\u0131\u011f\u0131 a\u00e7\u0131klamalar\u0131nda; \u2018m\u00fclteci sorununu\u2019 s\u0131n\u0131rlar\u0131 kapatmakla \u00e7\u00f6zmenin m\u00fcmk\u00fcn olmad\u0131\u011f\u0131na dikkat \u00e7ekerken, bunun i\u00e7in Suriye&#8217;deki krize siyasi \u00e7\u00f6z\u00fcm bulma gere\u011finin alt\u0131n\u0131 \u00e7izdi. Bu ba\u011flamda ayr\u0131ca m\u00fcltecilerin kontrol alt\u0131na al\u0131nmas\u0131 i\u00e7in Suriye&#8217;ye kom\u015fu devletlerle i\u015fbirli\u011finin peki\u015ftirilmesi gerekti\u011fini belirten Steinmeier; Yunanistan ve \u0130talya\u2019ya ula\u015fan m\u00fcltecilerle team\u00fcl i\u00e7in de s\u0131cak noktalar\u0131n kurulmas\u0131 gerekti\u011fini ifade etti.<\/p>\n","protected":false},"excerpt":{"rendered":"<p>BERL\u0130N \u2013 Almanya D\u0131\u015fi\u015fleri Bakan\u0131 Frank-Walter Steinmeier Avrupa \u00fclkelerinin ya\u015fad\u0131klar\u0131 \u2018m\u00fclteci krizinin\u2019 \u00e7\u00f6z\u00fcm\u00fcn\u00fcn, Suriye&#8217;deki krize \u00e7\u00f6z\u00fcm bulmakla ba\u011flant\u0131l\u0131 oldu\u011funu belirtti. Steinmeier bug\u00fcn bas\u0131na yapt\u0131\u011f\u0131 ve Reuters Ajans\u0131n\u0131n aktard\u0131\u011f\u0131 a\u00e7\u0131klamalar\u0131nda; \u2018m\u00fclteci sorununu\u2019 s\u0131n\u0131rlar\u0131 kapatmakla \u00e7\u00f6zmenin m\u00fcmk\u00fcn olmad\u0131\u011f\u0131na dikkat \u00e7ekerken, bunun i\u00e7in Suriye&#8217;deki krize siyasi \u00e7\u00f6z\u00fcm bulma gere\u011finin alt\u0131n\u0131 \u00e7izdi. Bu ba\u011flamda ayr\u0131ca m\u00fcltecilerin kontrol alt\u0131na al\u0131nmas\u0131 &hellip;<\/p>\n","protected":false},"author":1,"featured_media":58348,"comment_status":"closed","ping_status":"closed","sticky":false,"template":"","format":"standard","meta":{"footnotes":""},"categories":[458,459,17988],"tags":[17310,18683],"class_list":["post-58346","post","type-post","status-publish","format-standard","has-post-thumbnail","","category-dunya1","category-haberler-arap-uluslararasi-politika","category-son-haberler","tag-almanya-disisleri-bakani-frank-walter-steinmeier","tag-multeciler-sorununu-cozmek-icin-suriyedeki-krize-son-vermek-sarttir"],"_links":{"self":[{"href":"https:\/\/archive.sana.sy\/tr\/index.php?rest_route=\/wp\/v2\/posts\/58346","targetHints":{"allow":["GET"]}}],"collection":[{"href":"https:\/\/archive.sana.sy\/tr\/index.php?rest_route=\/wp\/v2\/posts"}],"about":[{"href":"https:\/\/archive.sana.sy\/tr\/index.php?rest_route=\/wp\/v2\/types\/post"}],"author":[{"embeddable":true,"href":"https:\/\/archive.sana.sy\/tr\/index.php?rest_route=\/wp\/v2\/users\/1"}],"replies":[{"embeddable":true,"href":"https:\/\/archive.sana.sy\/tr\/index.php?rest_route=%2Fwp%2Fv2%2Fcomments&post=58346"}],"version-history":[{"count":0,"href":"https:\/\/archive.sana.sy\/tr\/index.php?rest_route=\/wp\/v2\/posts\/58346\/revisions"}],"wp:featuredmedia":[{"embeddable":true,"href":"https:\/\/archive.sana.sy\/tr\/index.php?rest_route=\/wp\/v2\/media\/58348"}],"wp:attachment":[{"href":"https:\/\/archive.sana.sy\/tr\/index.php?rest_route=%2Fwp%2Fv2%2Fmedia&parent=58346"}],"wp:term":[{"taxonomy":"category","embeddable":true,"href":"https:\/\/archive.sana.sy\/tr\/index.php?rest_route=%2Fwp%2Fv2%2Fcategories&post=58346"},{"taxonomy":"post_tag","embeddable":true,"href":"https:\/\/archive.sana.sy\/tr\/index.php?rest_route=%2Fwp%2Fv2%2Ftags&post=58346"}],"curies":[{"name":"wp","href":"https:\/\/api.w.org\/{rel}","templated":true}]}}