{"id":58357,"date":"2016-01-19T16:15:26","date_gmt":"2016-01-19T14:15:26","guid":{"rendered":"http:\/\/sana.sy\/tr\/?p=58357"},"modified":"2016-01-19T16:07:27","modified_gmt":"2016-01-19T14:07:27","slug":"sozcu-yine-halep-kirsalinda-bir-cephane-deposuyla-birlikte-turkiye-sinirlarindan-halep-yonunde-seyir-eden-iside-ait-6-arac-konvoyunun-da-tasidiklari-terorist-ve-cephaneyle-birlikte-imha-edild","status":"publish","type":"post","link":"https:\/\/archive.sana.sy\/tr\/?p=58357","title":{"rendered":"S\u00f6zc\u00fc yine Halep k\u0131rsal\u0131nda bir cephane deposuyla birlikte T\u00fcrkiye s\u0131n\u0131rlar\u0131ndan Halep y\u00f6n\u00fcnde seyir eden I\u015e\u0130D\u2019e ait 6 ara\u00e7 konvoyunun da ta\u015f\u0131d\u0131klar\u0131 ter\u00f6rist ve cephaneyle birlikte imha edildiklerini s\u00f6yledi"},"content":{"rendered":"<p>S\u00f6zc\u00fc yine Halep k\u0131rsal\u0131nda bir cephane deposuyla birlikte T\u00fcrkiye s\u0131n\u0131rlar\u0131ndan Halep y\u00f6n\u00fcnde seyir eden I\u015e\u0130D\u2019e ait 6 ara\u00e7 konvoyunun da ta\u015f\u0131d\u0131klar\u0131 ter\u00f6rist ve cephaneyle birlikte imha edildiklerini s\u00f6yledi<\/p>\n","protected":false},"excerpt":{"rendered":"<p>S\u00f6zc\u00fc yine Halep k\u0131rsal\u0131nda bir cephane deposuyla birlikte T\u00fcrkiye s\u0131n\u0131rlar\u0131ndan Halep y\u00f6n\u00fcnde seyir eden I\u015e\u0130D\u2019e ait 6 ara\u00e7 konvoyunun da ta\u015f\u0131d\u0131klar\u0131 ter\u00f6rist ve cephaneyle birlikte imha edildiklerini s\u00f6yledi<\/p>\n","protected":false},"author":1,"featured_media":0,"comment_status":"closed","ping_status":"closed","sticky":false,"template":"","format":"standard","meta":{"footnotes":""},"categories":[17991],"tags":[],"class_list":["post-58357","post","type-post","status-publish","format-standard","","category-son-dakika"],"_links":{"self":[{"href":"https:\/\/archive.sana.sy\/tr\/index.php?rest_route=\/wp\/v2\/posts\/58357","targetHints":{"allow":["GET"]}}],"collection":[{"href":"https:\/\/archive.sana.sy\/tr\/index.php?rest_route=\/wp\/v2\/posts"}],"about":[{"href":"https:\/\/archive.sana.sy\/tr\/index.php?rest_route=\/wp\/v2\/types\/post"}],"author":[{"embeddable":true,"href":"https:\/\/archive.sana.sy\/tr\/index.php?rest_route=\/wp\/v2\/users\/1"}],"replies":[{"embeddable":true,"href":"https:\/\/archive.sana.sy\/tr\/index.php?rest_route=%2Fwp%2Fv2%2Fcomments&post=58357"}],"version-history":[{"count":0,"href":"https:\/\/archive.sana.sy\/tr\/index.php?rest_route=\/wp\/v2\/posts\/58357\/revisions"}],"wp:attachment":[{"href":"https:\/\/archive.sana.sy\/tr\/index.php?rest_route=%2Fwp%2Fv2%2Fmedia&parent=58357"}],"wp:term":[{"taxonomy":"category","embeddable":true,"href":"https:\/\/archive.sana.sy\/tr\/index.php?rest_route=%2Fwp%2Fv2%2Fcategories&post=58357"},{"taxonomy":"post_tag","embeddable":true,"href":"https:\/\/archive.sana.sy\/tr\/index.php?rest_route=%2Fwp%2Fv2%2Ftags&post=58357"}],"curies":[{"name":"wp","href":"https:\/\/api.w.org\/{rel}","templated":true}]}}