{"id":58393,"date":"2016-01-19T11:59:21","date_gmt":"2016-01-19T09:59:21","guid":{"rendered":"http:\/\/sana.sy\/tr\/?p=58393"},"modified":"2016-01-20T14:48:10","modified_gmt":"2016-01-20T12:48:10","slug":"teroru-destekleyen-devletlerin-cezalandirilmasina-cagirdi","status":"publish","type":"post","link":"https:\/\/archive.sana.sy\/tr\/?p=58393","title":{"rendered":"Ter\u00f6r\u00fc Destekleyen Devletlerin Cezaland\u0131r\u0131lmas\u0131na \u00c7a\u011f\u0131rd\u0131"},"content":{"rendered":"<p>\u015eAM \u2013 Suriye \u0130nsan Haklar\u0131 \u015eebekesi I\u015e\u0130D\u2019in Deyrezzor k\u0131rsal\u0131n\u0131n B\u011fayliye Beldesinde i\u015fledikleri insanl\u0131k d\u0131\u015f\u0131 katliam\u0131 k\u0131narken, ter\u00f6r\u00fc destekleyen devletlerin cezaland\u0131r\u0131lmas\u0131n\u0131 talep etti.<\/p>\n<p>\u015eebeke bug\u00fcn yay\u0131nlad\u0131\u011f\u0131 ve bir n\u00fcshas\u0131 SANA\u2019ya ula\u015ft\u0131r\u0131lan beyan\u0131nda uluslar aras\u0131 kurum ve \u00f6rg\u00fctlerin yan\u0131 s\u0131ra BM ve G\u00fcvenlik Konseyini bu katliamla birlikte ter\u00f6r \u00f6rg\u00fctlerin vah\u015fetlerini k\u0131namalar\u0131na \u00e7a\u011f\u0131r\u0131rken ilgili anla\u015fma ve kararlar\u0131n etkinle\u015ftirilmesini talep etti.<\/p>\n<p>B\u00f6lgesel belli ba\u015fl\u0131 rejimlerin destekledi\u011fi I\u015e\u0130D tekfircileri ge\u00e7en Cumartesi g\u00fcn\u00fc Deyrezzor k\u0131rsal\u0131n\u0131n bat\u0131s\u0131 B\u011fayliye Beldesinde geneli kad\u0131n, \u00e7ocuk ve ya\u015fl\u0131lardan olu\u015fan 300\u2019den fazla masum insan\u0131n kurban gitti\u011fi insanl\u0131\u011f\u0131n y\u00fcz karas\u0131 bir katliam ger\u00e7ekle\u015ftirmi\u015flerdi.<\/p>\n","protected":false},"excerpt":{"rendered":"<p>\u015eAM \u2013 Suriye \u0130nsan Haklar\u0131 \u015eebekesi I\u015e\u0130D\u2019in Deyrezzor k\u0131rsal\u0131n\u0131n B\u011fayliye Beldesinde i\u015fledikleri insanl\u0131k d\u0131\u015f\u0131 katliam\u0131 k\u0131narken, ter\u00f6r\u00fc destekleyen devletlerin cezaland\u0131r\u0131lmas\u0131n\u0131 talep etti. \u015eebeke bug\u00fcn yay\u0131nlad\u0131\u011f\u0131 ve bir n\u00fcshas\u0131 SANA\u2019ya ula\u015ft\u0131r\u0131lan beyan\u0131nda uluslar aras\u0131 kurum ve \u00f6rg\u00fctlerin yan\u0131 s\u0131ra BM ve G\u00fcvenlik Konseyini bu katliamla birlikte ter\u00f6r \u00f6rg\u00fctlerin vah\u015fetlerini k\u0131namalar\u0131na \u00e7a\u011f\u0131r\u0131rken ilgili anla\u015fma ve kararlar\u0131n etkinle\u015ftirilmesini &hellip;<\/p>\n","protected":false},"author":1,"featured_media":58408,"comment_status":"closed","ping_status":"closed","sticky":false,"template":"","format":"standard","meta":{"footnotes":""},"categories":[479,17988,478],"tags":[18691,18576,18577,18066,18694,2318,18692,18693],"class_list":["post-58393","post","type-post","status-publish","format-standard","has-post-thumbnail","","category-haberler-yerel","category-son-haberler","category-yerel","tag-bgayliye","tag-daes","tag-deas","tag-erdogan-rejimi","tag-insan-haklari-sebekesi","tag-isid","tag-katliam","tag-vahset"],"_links":{"self":[{"href":"https:\/\/archive.sana.sy\/tr\/index.php?rest_route=\/wp\/v2\/posts\/58393","targetHints":{"allow":["GET"]}}],"collection":[{"href":"https:\/\/archive.sana.sy\/tr\/index.php?rest_route=\/wp\/v2\/posts"}],"about":[{"href":"https:\/\/archive.sana.sy\/tr\/index.php?rest_route=\/wp\/v2\/types\/post"}],"author":[{"embeddable":true,"href":"https:\/\/archive.sana.sy\/tr\/index.php?rest_route=\/wp\/v2\/users\/1"}],"replies":[{"embeddable":true,"href":"https:\/\/archive.sana.sy\/tr\/index.php?rest_route=%2Fwp%2Fv2%2Fcomments&post=58393"}],"version-history":[{"count":0,"href":"https:\/\/archive.sana.sy\/tr\/index.php?rest_route=\/wp\/v2\/posts\/58393\/revisions"}],"wp:featuredmedia":[{"embeddable":true,"href":"https:\/\/archive.sana.sy\/tr\/index.php?rest_route=\/wp\/v2\/media\/58408"}],"wp:attachment":[{"href":"https:\/\/archive.sana.sy\/tr\/index.php?rest_route=%2Fwp%2Fv2%2Fmedia&parent=58393"}],"wp:term":[{"taxonomy":"category","embeddable":true,"href":"https:\/\/archive.sana.sy\/tr\/index.php?rest_route=%2Fwp%2Fv2%2Fcategories&post=58393"},{"taxonomy":"post_tag","embeddable":true,"href":"https:\/\/archive.sana.sy\/tr\/index.php?rest_route=%2Fwp%2Fv2%2Ftags&post=58393"}],"curies":[{"name":"wp","href":"https:\/\/api.w.org\/{rel}","templated":true}]}}