{"id":58397,"date":"2016-01-20T11:39:47","date_gmt":"2016-01-20T09:39:47","guid":{"rendered":"http:\/\/sana.sy\/tr\/?p=58397"},"modified":"2016-01-20T11:41:19","modified_gmt":"2016-01-20T09:41:19","slug":"vatanin-birlik-ve-butunlugunu-korumak-bir-vatandaslik-gorevdir","status":"publish","type":"post","link":"https:\/\/archive.sana.sy\/tr\/?p=58397","title":{"rendered":"Vatan\u0131n Birlik ve B\u00fct\u00fcnl\u00fc\u011f\u00fcn\u00fc Korumak Bir Vatanda\u015fl\u0131k G\u00f6revdir"},"content":{"rendered":"<p>\u015eAM \u2013 Suriye\u2019ye kar\u015f\u0131 s\u00fcrd\u00fcr\u00fclen uluslararas\u0131 vah\u015fi ter\u00f6r sava\u015f\u0131n\u0131n ba\u015flad\u0131\u011f\u0131 ilk g\u00fcnlerden itibaren Suriyeli gen\u00e7li\u011fin g\u00f6n\u00fcll\u00fcl\u00fck temelinde d\u00fczenledi\u011fi toplumsal etkinlikler bu gen\u00e7li\u011fin vatanseverlik ve vatana vefa konusunda sorumluluk sahibi ve g\u00fc\u00e7l\u00fc bir iradeye sahip olduklar\u0131n\u0131n net bir kan\u0131t\u0131n\u0131 te\u015fkil etti.<\/p>\n<p>G\u00f6n\u00fcll\u00fc Suriye Kartallar\u0131 Grubu Ba\u015fkan\u0131 Amer Ebu Hamed, hem sava\u015f hem de bar\u0131\u015f ko\u015fullar\u0131nda vatan\u0131n birlik ve b\u00fct\u00fcnl\u00fc\u011f\u00fc i\u00e7in m\u00fccadelenin bir vatanda\u015fl\u0131k g\u00f6revi oldu\u011funu ifade ederek Suriye Kartallar\u0131n\u0131n \u00fclkenin bir\u00e7ok ilinde d\u00fczenledikleri insani-toplumsal etkinlikler arac\u0131l\u0131\u011f\u0131yla ter\u00f6re kar\u015f\u0131 direni\u015fte aktif bir dayanak te\u015fkil etmi\u015f bu direni\u015fi g\u00fc\u00e7lendirmi\u015ftir.<\/p>\n<p>SANA\u2019ya G\u00f6n\u00fcll\u00fc Kartallar Grubunun 2016 y\u0131l\u0131 plan ve projelerine ili\u015fkin bir r\u00f6portaj veren Ebu Hamed; \u201cEsirlerin Komutan\u0131 Semir el Kantar\u2019\u0131n K\u00fcllerinde Kur\u015fun Ba\u015faklar\u0131\u201d ba\u015fl\u0131kl\u0131 kampanyan\u0131n aktif bir \u015fekilde uygulanmaya ba\u015flad\u0131\u011f\u0131na i\u015faret ederek kampanya kapsam\u0131nda g\u00f6\u00e7, sebepleri ve sonu\u00e7lar\u0131na ili\u015fin bir belgesel haz\u0131rl\u0131\u011f\u0131nda olduklar\u0131n\u0131 belirtti.<\/p>\n<p>G\u00f6n\u00fcll\u00fc Kartallar Grubu Y\u00f6netim Kurulu \u00dcyelerinden Diyma S\u00fcleyman da grubun vatanseverlik bilinci ve k\u00fclt\u00fcr\u00fcn\u00fc geni\u015fletmeye hizmet eden faaliyetlerinin yan\u0131 s\u0131ra do\u011fay\u0131 koruma, sanatsal ve k\u00fclt\u00fcrel-folklorik etkinlikler de d\u00fczenledi\u011fine dikkat \u00e7ekti.<\/p>\n<p>Bilinece\u011fi \u00fczere G\u00f6n\u00fcll\u00fc Kartallar Grubu 2011 y\u0131l\u0131nda kurularak aralar\u0131nda \u015eam Kalesinde Yasemin Kokular\u0131 ve \u00c7ocuklu\u011fumu Geri Verin ba\u015fl\u0131kl\u0131 etkinliklerin de bulundu\u011fu toplumsal-k\u00fclt\u00fcrel-sanatsal toplam 400 faaliyete imza att\u0131.<\/p>\n<div id='gallery-1' class='gallery galleryid-58397 gallery-columns-3 gallery-size-thumbnail'><figure class='gallery-item'>\n\t\t\t<div class='gallery-icon landscape'>\n\t\t\t\t<a href='https:\/\/archive.sana.sy\/tr\/wp-content\/uploads\/2016\/01\/0-99.jpg'><img loading=\"lazy\" decoding=\"async\" width=\"150\" height=\"43\" src=\"https:\/\/archive.sana.sy\/tr\/wp-content\/uploads\/2016\/01\/0-99-150x43.jpg\" class=\"attachment-thumbnail size-thumbnail\" alt=\"\" srcset=\"https:\/\/archive.sana.sy\/tr\/wp-content\/uploads\/2016\/01\/0-99-150x43.jpg 150w, https:\/\/archive.sana.sy\/tr\/wp-content\/uploads\/2016\/01\/0-99-300x86.jpg 300w, https:\/\/archive.sana.sy\/tr\/wp-content\/uploads\/2016\/01\/0-99-768x219.jpg 768w, https:\/\/archive.sana.sy\/tr\/wp-content\/uploads\/2016\/01\/0-99-1024x292.jpg 1024w\" sizes=\"auto, (max-width: 150px) 100vw, 150px\" \/><\/a>\n\t\t\t<\/div><\/figure><figure class='gallery-item'>\n\t\t\t<div class='gallery-icon portrait'>\n\t\t\t\t<a href='https:\/\/archive.sana.sy\/tr\/wp-content\/uploads\/2016\/01\/2-29.jpg'><img loading=\"lazy\" decoding=\"async\" width=\"113\" height=\"150\" src=\"https:\/\/archive.sana.sy\/tr\/wp-content\/uploads\/2016\/01\/2-29-113x150.jpg\" class=\"attachment-thumbnail size-thumbnail\" alt=\"\" srcset=\"https:\/\/archive.sana.sy\/tr\/wp-content\/uploads\/2016\/01\/2-29-113x150.jpg 113w, https:\/\/archive.sana.sy\/tr\/wp-content\/uploads\/2016\/01\/2-29-225x300.jpg 225w, https:\/\/archive.sana.sy\/tr\/wp-content\/uploads\/2016\/01\/2-29-768x1024.jpg 768w\" sizes=\"auto, (max-width: 113px) 100vw, 113px\" \/><\/a>\n\t\t\t<\/div><\/figure><figure class='gallery-item'>\n\t\t\t<div class='gallery-icon portrait'>\n\t\t\t\t<a href='https:\/\/archive.sana.sy\/tr\/wp-content\/uploads\/2016\/01\/3-25.jpg'><img loading=\"lazy\" decoding=\"async\" width=\"100\" height=\"150\" src=\"https:\/\/archive.sana.sy\/tr\/wp-content\/uploads\/2016\/01\/3-25-100x150.jpg\" class=\"attachment-thumbnail size-thumbnail\" alt=\"\" srcset=\"https:\/\/archive.sana.sy\/tr\/wp-content\/uploads\/2016\/01\/3-25-100x150.jpg 100w, https:\/\/archive.sana.sy\/tr\/wp-content\/uploads\/2016\/01\/3-25-200x300.jpg 200w, https:\/\/archive.sana.sy\/tr\/wp-content\/uploads\/2016\/01\/3-25-768x1152.jpg 768w, https:\/\/archive.sana.sy\/tr\/wp-content\/uploads\/2016\/01\/3-25-683x1024.jpg 683w, https:\/\/archive.sana.sy\/tr\/wp-content\/uploads\/2016\/01\/3-25.jpg 2000w\" sizes=\"auto, (max-width: 100px) 100vw, 100px\" \/><\/a>\n\t\t\t<\/div><\/figure><figure class='gallery-item'>\n\t\t\t<div class='gallery-icon landscape'>\n\t\t\t\t<a href='https:\/\/archive.sana.sy\/tr\/wp-content\/uploads\/2016\/01\/4-21.jpg'><img loading=\"lazy\" decoding=\"async\" width=\"150\" height=\"96\" src=\"https:\/\/archive.sana.sy\/tr\/wp-content\/uploads\/2016\/01\/4-21-150x96.jpg\" class=\"attachment-thumbnail size-thumbnail\" alt=\"\" srcset=\"https:\/\/archive.sana.sy\/tr\/wp-content\/uploads\/2016\/01\/4-21-150x96.jpg 150w, https:\/\/archive.sana.sy\/tr\/wp-content\/uploads\/2016\/01\/4-21-300x191.jpg 300w, https:\/\/archive.sana.sy\/tr\/wp-content\/uploads\/2016\/01\/4-21-768x489.jpg 768w, https:\/\/archive.sana.sy\/tr\/wp-content\/uploads\/2016\/01\/4-21-1024x653.jpg 1024w\" sizes=\"auto, (max-width: 150px) 100vw, 150px\" \/><\/a>\n\t\t\t<\/div><\/figure><figure class='gallery-item'>\n\t\t\t<div class='gallery-icon landscape'>\n\t\t\t\t<a href='https:\/\/archive.sana.sy\/tr\/wp-content\/uploads\/2016\/01\/5-23.jpg'><img loading=\"lazy\" decoding=\"async\" width=\"150\" height=\"111\" src=\"https:\/\/archive.sana.sy\/tr\/wp-content\/uploads\/2016\/01\/5-23-150x111.jpg\" class=\"attachment-thumbnail size-thumbnail\" alt=\"\" srcset=\"https:\/\/archive.sana.sy\/tr\/wp-content\/uploads\/2016\/01\/5-23-150x111.jpg 150w, https:\/\/archive.sana.sy\/tr\/wp-content\/uploads\/2016\/01\/5-23-300x223.jpg 300w, https:\/\/archive.sana.sy\/tr\/wp-content\/uploads\/2016\/01\/5-23-768x570.jpg 768w, https:\/\/archive.sana.sy\/tr\/wp-content\/uploads\/2016\/01\/5-23-1024x760.jpg 1024w\" sizes=\"auto, (max-width: 150px) 100vw, 150px\" \/><\/a>\n\t\t\t<\/div><\/figure><figure class='gallery-item'>\n\t\t\t<div class='gallery-icon landscape'>\n\t\t\t\t<a href='https:\/\/archive.sana.sy\/tr\/wp-content\/uploads\/2016\/01\/6-19.jpg'><img loading=\"lazy\" decoding=\"async\" width=\"150\" height=\"113\" src=\"https:\/\/archive.sana.sy\/tr\/wp-content\/uploads\/2016\/01\/6-19-150x113.jpg\" class=\"attachment-thumbnail size-thumbnail\" alt=\"\" srcset=\"https:\/\/archive.sana.sy\/tr\/wp-content\/uploads\/2016\/01\/6-19-150x113.jpg 150w, https:\/\/archive.sana.sy\/tr\/wp-content\/uploads\/2016\/01\/6-19-300x225.jpg 300w, https:\/\/archive.sana.sy\/tr\/wp-content\/uploads\/2016\/01\/6-19-768x576.jpg 768w, https:\/\/archive.sana.sy\/tr\/wp-content\/uploads\/2016\/01\/6-19-1024x768.jpg 1024w\" sizes=\"auto, (max-width: 150px) 100vw, 150px\" \/><\/a>\n\t\t\t<\/div><\/figure>\n\t\t<\/div>\n\n","protected":false},"excerpt":{"rendered":"<p>\u015eAM \u2013 Suriye\u2019ye kar\u015f\u0131 s\u00fcrd\u00fcr\u00fclen uluslararas\u0131 vah\u015fi ter\u00f6r sava\u015f\u0131n\u0131n ba\u015flad\u0131\u011f\u0131 ilk g\u00fcnlerden itibaren Suriyeli gen\u00e7li\u011fin g\u00f6n\u00fcll\u00fcl\u00fck temelinde d\u00fczenledi\u011fi toplumsal etkinlikler bu gen\u00e7li\u011fin vatanseverlik ve vatana vefa konusunda sorumluluk sahibi ve g\u00fc\u00e7l\u00fc bir iradeye sahip olduklar\u0131n\u0131n net bir kan\u0131t\u0131n\u0131 te\u015fkil etti. G\u00f6n\u00fcll\u00fc Suriye Kartallar\u0131 Grubu Ba\u015fkan\u0131 Amer Ebu Hamed, hem sava\u015f hem de bar\u0131\u015f ko\u015fullar\u0131nda vatan\u0131n &hellip;<\/p>\n","protected":false},"author":1,"featured_media":58398,"comment_status":"closed","ping_status":"closed","sticky":false,"template":"","format":"standard","meta":{"footnotes":""},"categories":[596,526,479,17988,525,478],"tags":[18417,18695,16591,18697,18696],"class_list":["post-58397","post","type-post","status-publish","format-standard","has-post-thumbnail","","category-fotografli-raporlar","category-haber-ve-raporlar","category-haberler-yerel","category-son-haberler","category-toplum","category-yerel","tag-gencler","tag-gonullu","tag-suriye","tag-suriye-kartallari","tag-yurtseverler"],"_links":{"self":[{"href":"https:\/\/archive.sana.sy\/tr\/index.php?rest_route=\/wp\/v2\/posts\/58397","targetHints":{"allow":["GET"]}}],"collection":[{"href":"https:\/\/archive.sana.sy\/tr\/index.php?rest_route=\/wp\/v2\/posts"}],"about":[{"href":"https:\/\/archive.sana.sy\/tr\/index.php?rest_route=\/wp\/v2\/types\/post"}],"author":[{"embeddable":true,"href":"https:\/\/archive.sana.sy\/tr\/index.php?rest_route=\/wp\/v2\/users\/1"}],"replies":[{"embeddable":true,"href":"https:\/\/archive.sana.sy\/tr\/index.php?rest_route=%2Fwp%2Fv2%2Fcomments&post=58397"}],"version-history":[{"count":0,"href":"https:\/\/archive.sana.sy\/tr\/index.php?rest_route=\/wp\/v2\/posts\/58397\/revisions"}],"wp:featuredmedia":[{"embeddable":true,"href":"https:\/\/archive.sana.sy\/tr\/index.php?rest_route=\/wp\/v2\/media\/58398"}],"wp:attachment":[{"href":"https:\/\/archive.sana.sy\/tr\/index.php?rest_route=%2Fwp%2Fv2%2Fmedia&parent=58397"}],"wp:term":[{"taxonomy":"category","embeddable":true,"href":"https:\/\/archive.sana.sy\/tr\/index.php?rest_route=%2Fwp%2Fv2%2Fcategories&post=58397"},{"taxonomy":"post_tag","embeddable":true,"href":"https:\/\/archive.sana.sy\/tr\/index.php?rest_route=%2Fwp%2Fv2%2Ftags&post=58397"}],"curies":[{"name":"wp","href":"https:\/\/api.w.org\/{rel}","templated":true}]}}