{"id":58412,"date":"2016-01-20T09:12:01","date_gmt":"2016-01-20T07:12:01","guid":{"rendered":"http:\/\/sana.sy\/tr\/?p=58412"},"modified":"2016-01-20T15:23:13","modified_gmt":"2016-01-20T13:23:13","slug":"halaki-vatandaslarin-magduriyetinin-onune-gecilmesi-icin-gerekli-icraatlar-aliniyor","status":"publish","type":"post","link":"https:\/\/archive.sana.sy\/tr\/?p=58412","title":{"rendered":"Halaki: Vatanda\u015flar\u0131n Ma\u011fduriyetinin \u00d6n\u00fcne Ge\u00e7ilmesi \u0130\u00e7in Gerekli \u0130craatlar Al\u0131n\u0131yor"},"content":{"rendered":"<p>\u015eAM \u2013 Bakanlar Kurulu d\u00fcn Ba\u015fbakan Vail el Halaki ba\u015fkanl\u0131\u011f\u0131nda d\u00fczenledi\u011fi haftal\u0131k ola\u011fan toplant\u0131s\u0131nda piyasada temel ihtiya\u00e7 mallar\u0131n fiyatlar\u0131n\u0131n denetim alt\u0131nda tutulmas\u0131 ve tekel faaliyetlerine kar\u0131\u015fanlar\u0131n tespit edilip cezaland\u0131r\u0131lmas\u0131 gibi konular ba\u015fta olmak \u00fczere \u00fclke ve vatanda\u015flar\u0131n huzurunu sa\u011flamaya ili\u015fkin bir\u00e7ok konuyu masaya yat\u0131rd\u0131.<\/p>\n<p><a href=\"http:\/\/sana.sy\/tr\/wp-content\/uploads\/2016\/01\/2-30.jpg\"><img loading=\"lazy\" decoding=\"async\" class=\"alignright wp-image-58423 size-medium\" src=\"http:\/\/sana.sy\/tr\/wp-content\/uploads\/2016\/01\/2-30-300x204.jpg\" alt=\"2\" width=\"300\" height=\"204\" srcset=\"https:\/\/archive.sana.sy\/tr\/wp-content\/uploads\/2016\/01\/2-30-300x204.jpg 300w, https:\/\/archive.sana.sy\/tr\/wp-content\/uploads\/2016\/01\/2-30-150x102.jpg 150w, https:\/\/archive.sana.sy\/tr\/wp-content\/uploads\/2016\/01\/2-30-768x523.jpg 768w, https:\/\/archive.sana.sy\/tr\/wp-content\/uploads\/2016\/01\/2-30-1024x697.jpg 1024w, https:\/\/archive.sana.sy\/tr\/wp-content\/uploads\/2016\/01\/2-30-110x75.jpg 110w\" sizes=\"auto, (max-width: 300px) 100vw, 300px\" \/><\/a>Toplant\u0131da a\u00e7\u0131l\u0131\u015f konu\u015fmas\u0131n\u0131 yapan Ba\u015fbakan Halaki, h\u00fck\u00fcmetin toplumsal destek politikas\u0131ndan vazge\u00e7medi\u011fin ve vazge\u00e7meyece\u011fini dile getirerek piyasadaki baz\u0131 \u00fcr\u00fcn ve hizmetlerin fiyat ve \u00fccretlerinde yeni d\u00fczenlemeler yap\u0131laca\u011f\u0131n\u0131 ve t\u00fcketicinin korunmas\u0131 i\u00e7in gerekli b\u00fct\u00fcn \u00f6nlem ve denetimlerin b\u00fcy\u00fck bir \u00f6nemle uygulanmas\u0131 gerekti\u011fini belirtti.<\/p>\n<p>H\u00fck\u00fcmetin son yay\u0131nlad\u0131\u011f\u0131 ve elektrik enerjisinin yeniden \u00fccretlendirilmesini i\u00e7eren karar\u0131na dikkat \u00e7eken Halaki; \u00f6zellikle meskenler i\u00e7in elektriklerin yeniden \u00fccretlendirilerek vatanda\u015flar\u0131n ma\u011fduriyetinin \u00f6n\u00fcne ge\u00e7ildi\u011fini ibraz etti.<\/p>\n<p>Ziraat sekt\u00f6r\u00fcn\u00fcn vatanda\u015flar\u0131n temel ihtiya\u00e7lar\u0131n\u0131n kar\u015f\u0131lanmas\u0131 a\u00e7\u0131s\u0131ndan b\u00fcy\u00fck bir \u00f6nem ta\u015f\u0131d\u0131\u011f\u0131na de\u011finen Halaki, h\u00fck\u00fcmetin bu \u00f6nem \u0131\u015f\u0131\u011f\u0131nda hareket ederek ziraat sekt\u00f6r\u00fcne b\u00fcy\u00fck bir destek sa\u011flad\u0131\u011f\u0131n\u0131 ve Zirai \u00dcretimi Destekleme Fonuna 2,5 milyarl\u0131k bir b\u00fct\u00e7e ay\u0131rd\u0131\u011f\u0131n\u0131 beyan etti.<\/p>\n<p>Yolsuzlukla m\u00fccadelenin tavizsiz bir \u015fekilde s\u00fcrd\u00fc\u011f\u00fcne dikkat \u00e7eken Halaki; vatanda\u015f\u0131n ya\u015fam\u0131n\u0131 zorla\u015ft\u0131racak her t\u00fcrl\u00fc faaliyetin hesab\u0131n\u0131n sorulaca\u011f\u0131n\u0131 g\u00f6revi k\u00f6t\u00fcye kullanma ya da ihmal gibi su\u00e7lar\u0131n en a\u011f\u0131r \u015fekilde cezaland\u0131r\u0131laca\u011f\u0131n\u0131n alt\u0131n\u0131 \u00e7izdi.<\/p>\n<p>Toplant\u0131da Ba\u015fbakan Yard\u0131mc\u0131s\u0131 ve D\u0131\u015fi\u015fleri ve Gurbet\u00e7iler Bakan\u0131 Velit el Muallim Suriye ile ilgili uluslararas\u0131 alanda ya\u015fanan son geli\u015fmelere ili\u015fkin ayr\u0131nt\u0131l\u0131 bir anlat\u0131m sundu.<\/p>\n<p>F.B.<\/p>\n","protected":false},"excerpt":{"rendered":"<p>\u015eAM \u2013 Bakanlar Kurulu d\u00fcn Ba\u015fbakan Vail el Halaki ba\u015fkanl\u0131\u011f\u0131nda d\u00fczenledi\u011fi haftal\u0131k ola\u011fan toplant\u0131s\u0131nda piyasada temel ihtiya\u00e7 mallar\u0131n fiyatlar\u0131n\u0131n denetim alt\u0131nda tutulmas\u0131 ve tekel faaliyetlerine kar\u0131\u015fanlar\u0131n tespit edilip cezaland\u0131r\u0131lmas\u0131 gibi konular ba\u015fta olmak \u00fczere \u00fclke ve vatanda\u015flar\u0131n huzurunu sa\u011flamaya ili\u015fkin bir\u00e7ok konuyu masaya yat\u0131rd\u0131. Toplant\u0131da a\u00e7\u0131l\u0131\u015f konu\u015fmas\u0131n\u0131 yapan Ba\u015fbakan Halaki, h\u00fck\u00fcmetin toplumsal destek politikas\u0131ndan vazge\u00e7medi\u011fin &hellip;<\/p>\n","protected":false},"author":1,"featured_media":58422,"comment_status":"closed","ping_status":"closed","sticky":false,"template":"","format":"standard","meta":{"footnotes":""},"categories":[479,17988,478],"tags":[17015,18701,18703,17013,17014,18702],"class_list":["post-58412","post","type-post","status-publish","format-standard","has-post-thumbnail","","category-haberler-yerel","category-son-haberler","category-yerel","tag-bakanlar-konseyi","tag-bakanlar-kurulu","tag-basbakan","tag-hukumet","tag-kabine","tag-vail-el-halaki"],"_links":{"self":[{"href":"https:\/\/archive.sana.sy\/tr\/index.php?rest_route=\/wp\/v2\/posts\/58412","targetHints":{"allow":["GET"]}}],"collection":[{"href":"https:\/\/archive.sana.sy\/tr\/index.php?rest_route=\/wp\/v2\/posts"}],"about":[{"href":"https:\/\/archive.sana.sy\/tr\/index.php?rest_route=\/wp\/v2\/types\/post"}],"author":[{"embeddable":true,"href":"https:\/\/archive.sana.sy\/tr\/index.php?rest_route=\/wp\/v2\/users\/1"}],"replies":[{"embeddable":true,"href":"https:\/\/archive.sana.sy\/tr\/index.php?rest_route=%2Fwp%2Fv2%2Fcomments&post=58412"}],"version-history":[{"count":0,"href":"https:\/\/archive.sana.sy\/tr\/index.php?rest_route=\/wp\/v2\/posts\/58412\/revisions"}],"wp:featuredmedia":[{"embeddable":true,"href":"https:\/\/archive.sana.sy\/tr\/index.php?rest_route=\/wp\/v2\/media\/58422"}],"wp:attachment":[{"href":"https:\/\/archive.sana.sy\/tr\/index.php?rest_route=%2Fwp%2Fv2%2Fmedia&parent=58412"}],"wp:term":[{"taxonomy":"category","embeddable":true,"href":"https:\/\/archive.sana.sy\/tr\/index.php?rest_route=%2Fwp%2Fv2%2Fcategories&post=58412"},{"taxonomy":"post_tag","embeddable":true,"href":"https:\/\/archive.sana.sy\/tr\/index.php?rest_route=%2Fwp%2Fv2%2Ftags&post=58412"}],"curies":[{"name":"wp","href":"https:\/\/api.w.org\/{rel}","templated":true}]}}