{"id":5842,"date":"2014-07-25T15:14:38","date_gmt":"2014-07-25T12:14:38","guid":{"rendered":"http:\/\/www.sana.sy\/tr\/?p=5842"},"modified":"2014-07-25T15:14:38","modified_gmt":"2014-07-25T12:14:38","slug":"el-rai-arap-topraklarinin-isgaline-son-verilmesi-butun-sorunlarin-cozumu-olacaktir","status":"publish","type":"post","link":"https:\/\/archive.sana.sy\/tr\/?p=5842","title":{"rendered":"El Rai: Arap Topraklar\u0131n\u0131n \u0130\u015fgaline Son Verilmesi B\u00fct\u00fcn Sorunlar\u0131n \u00c7\u00f6z\u00fcm\u00fc Olacakt\u0131r"},"content":{"rendered":"<p>BEYRUT \u2013 Maruni Patri\u011fi Kardinal B\u015fara Butros el-Rai; Suriye\u2019ye kar\u015f\u0131 y\u00fcr\u00fct\u00fclen sava\u015f\u0131n anlams\u0131z bir sava\u015f oldu\u011funu dile getirerek uluslararas\u0131 topluma bu sava\u015f\u0131n bitirilmesi i\u00e7in \u00e7aba harcama \u00e7a\u011fr\u0131s\u0131n\u0131 yineledi.<\/p>\n<p>Suriye&#8217;de ya\u015fanan olaylar\u0131n \u00e7ok karma\u015f\u0131k bir hal ald\u0131\u011f\u0131na de\u011finen Rai; evinden ve topraklar\u0131ndan zorla g\u00f6\u00e7 ettirilenlerin say\u0131s\u0131n\u0131n \u00e7ok oldu\u011funu belirterek, ya\u015fanmakta olan krizin Suriyeliler taraf\u0131ndan bar\u0131\u015f\u00e7\u0131l ve siyasi y\u00f6ntemlerle \u00e7\u00f6z\u00fclmesi gerekti\u011fine vurgu yapt\u0131.<\/p>\n<p>BM ve Uluslararas\u0131 Yasalar \u00e7er\u00e7evesinde Filistin ile ilgili al\u0131nan kararlar\u0131n uygulanmas\u0131 ve Ba\u015fkenti Kud\u00fcs olan ba\u011f\u0131ms\u0131z bir Filistin devleti kurularak b\u00fct\u00fcn m\u00fcltecilerin evlerine ve topraklar\u0131na geri d\u00f6nmelerinin sa\u011flanmas\u0131n\u0131 talep eden Patrik el Rai; \u0130srail\u2019in Arap topraklar\u0131n\u0131 i\u015fgal etmeye son vermesinin Ortado\u011fu b\u00f6lgesinde ya\u015fanan b\u00fct\u00fcn sorunlar\u0131n \u00e7\u00f6z\u00fcm\u00fc olaca\u011f\u0131n\u0131n alt\u0131n\u0131 \u00e7izdi.<\/p>\n","protected":false},"excerpt":{"rendered":"<p>BEYRUT \u2013 Maruni Patri\u011fi Kardinal B\u015fara Butros el-Rai; Suriye\u2019ye kar\u015f\u0131 y\u00fcr\u00fct\u00fclen sava\u015f\u0131n anlams\u0131z bir sava\u015f oldu\u011funu dile getirerek uluslararas\u0131 topluma bu sava\u015f\u0131n bitirilmesi i\u00e7in \u00e7aba harcama \u00e7a\u011fr\u0131s\u0131n\u0131 yineledi. Suriye&#8217;de ya\u015fanan olaylar\u0131n \u00e7ok karma\u015f\u0131k bir hal ald\u0131\u011f\u0131na de\u011finen Rai; evinden ve topraklar\u0131ndan zorla g\u00f6\u00e7 ettirilenlerin say\u0131s\u0131n\u0131n \u00e7ok oldu\u011funu belirterek, ya\u015fanmakta olan krizin Suriyeliler taraf\u0131ndan bar\u0131\u015f\u00e7\u0131l ve &hellip;<\/p>\n","protected":false},"author":1,"featured_media":5844,"comment_status":"closed","ping_status":"closed","sticky":false,"template":"","format":"standard","meta":{"footnotes":""},"categories":[458,459,447,584],"tags":[1283],"class_list":["post-5842","post","type-post","status-publish","format-standard","has-post-thumbnail","","category-dunya1","category-haberler-arap-uluslararasi-politika","category-politika","category-yurtdisinda-sana-ofisleri","tag-el-rai-arap-topraklarinin-isgaline-son-verilmesi-butun-sorunlarin-cozumu-olacaktir"],"_links":{"self":[{"href":"https:\/\/archive.sana.sy\/tr\/index.php?rest_route=\/wp\/v2\/posts\/5842","targetHints":{"allow":["GET"]}}],"collection":[{"href":"https:\/\/archive.sana.sy\/tr\/index.php?rest_route=\/wp\/v2\/posts"}],"about":[{"href":"https:\/\/archive.sana.sy\/tr\/index.php?rest_route=\/wp\/v2\/types\/post"}],"author":[{"embeddable":true,"href":"https:\/\/archive.sana.sy\/tr\/index.php?rest_route=\/wp\/v2\/users\/1"}],"replies":[{"embeddable":true,"href":"https:\/\/archive.sana.sy\/tr\/index.php?rest_route=%2Fwp%2Fv2%2Fcomments&post=5842"}],"version-history":[{"count":0,"href":"https:\/\/archive.sana.sy\/tr\/index.php?rest_route=\/wp\/v2\/posts\/5842\/revisions"}],"wp:featuredmedia":[{"embeddable":true,"href":"https:\/\/archive.sana.sy\/tr\/index.php?rest_route=\/wp\/v2\/media\/5844"}],"wp:attachment":[{"href":"https:\/\/archive.sana.sy\/tr\/index.php?rest_route=%2Fwp%2Fv2%2Fmedia&parent=5842"}],"wp:term":[{"taxonomy":"category","embeddable":true,"href":"https:\/\/archive.sana.sy\/tr\/index.php?rest_route=%2Fwp%2Fv2%2Fcategories&post=5842"},{"taxonomy":"post_tag","embeddable":true,"href":"https:\/\/archive.sana.sy\/tr\/index.php?rest_route=%2Fwp%2Fv2%2Ftags&post=5842"}],"curies":[{"name":"wp","href":"https:\/\/api.w.org\/{rel}","templated":true}]}}