{"id":58425,"date":"2016-01-20T10:12:30","date_gmt":"2016-01-20T08:12:30","guid":{"rendered":"http:\/\/sana.sy\/tr\/?p=58425"},"modified":"2016-01-20T13:06:28","modified_gmt":"2016-01-20T11:06:28","slug":"sanaya-aciklama-yapan-askeri-bir-kaynak-ordu-birliklerimizin-derada-israil-destekli-nusra-cephesi-ve-semsiyesi-altindaki-teror-cetelere-ait-dera-mahatta-bolgesinde-bir-araci-yukuyle","status":"publish","type":"post","link":"https:\/\/archive.sana.sy\/tr\/?p=58425","title":{"rendered":"SANA\u2019ya a\u00e7\u0131klama yapan askeri bir kaynak ordu birliklerimizin Dera\u2019da \u0130srail destekli Nusra Cephesi ve \u015femsiyesi alt\u0131ndaki ter\u00f6r \u00e7etelere ait Dera Mahatta B\u00f6lgesinde bir arac\u0131 y\u00fck\u00fcyle birlikte imha etmelerine e\u015f zamanl\u0131 olarak il k\u0131rsal\u0131n\u0131n \u015eeyh Meskin Kasabas\u0131nda da saflar\u0131nda kay\u0131plara yol a\u00e7t\u0131klar\u0131n\u0131 aktard\u0131"},"content":{"rendered":"<p>SANA\u2019ya a\u00e7\u0131klama yapan askeri bir kaynak ordu birliklerimizin Dera\u2019da \u0130srail destekli Nusra Cephesi ve \u015femsiyesi alt\u0131ndaki ter\u00f6r \u00e7etelere ait Dera Mahatta B\u00f6lgesinde bir arac\u0131 y\u00fck\u00fcyle birlikte imha etmelerine e\u015f zamanl\u0131 olarak il k\u0131rsal\u0131n\u0131n \u015eeyh Meskin Kasabas\u0131nda da saflar\u0131nda kay\u0131plara yol a\u00e7t\u0131klar\u0131n\u0131 aktard\u0131<\/p>\n","protected":false},"excerpt":{"rendered":"<p>SANA\u2019ya a\u00e7\u0131klama yapan askeri bir kaynak ordu birliklerimizin Dera\u2019da \u0130srail destekli Nusra Cephesi ve \u015femsiyesi alt\u0131ndaki ter\u00f6r \u00e7etelere ait Dera Mahatta B\u00f6lgesinde bir arac\u0131 y\u00fck\u00fcyle birlikte imha etmelerine e\u015f zamanl\u0131 olarak il k\u0131rsal\u0131n\u0131n \u015eeyh Meskin Kasabas\u0131nda da saflar\u0131nda kay\u0131plara yol a\u00e7t\u0131klar\u0131n\u0131 aktard\u0131<\/p>\n","protected":false},"author":1,"featured_media":0,"comment_status":"closed","ping_status":"closed","sticky":false,"template":"","format":"standard","meta":{"footnotes":""},"categories":[17991],"tags":[],"class_list":["post-58425","post","type-post","status-publish","format-standard","","category-son-dakika"],"_links":{"self":[{"href":"https:\/\/archive.sana.sy\/tr\/index.php?rest_route=\/wp\/v2\/posts\/58425","targetHints":{"allow":["GET"]}}],"collection":[{"href":"https:\/\/archive.sana.sy\/tr\/index.php?rest_route=\/wp\/v2\/posts"}],"about":[{"href":"https:\/\/archive.sana.sy\/tr\/index.php?rest_route=\/wp\/v2\/types\/post"}],"author":[{"embeddable":true,"href":"https:\/\/archive.sana.sy\/tr\/index.php?rest_route=\/wp\/v2\/users\/1"}],"replies":[{"embeddable":true,"href":"https:\/\/archive.sana.sy\/tr\/index.php?rest_route=%2Fwp%2Fv2%2Fcomments&post=58425"}],"version-history":[{"count":0,"href":"https:\/\/archive.sana.sy\/tr\/index.php?rest_route=\/wp\/v2\/posts\/58425\/revisions"}],"wp:attachment":[{"href":"https:\/\/archive.sana.sy\/tr\/index.php?rest_route=%2Fwp%2Fv2%2Fmedia&parent=58425"}],"wp:term":[{"taxonomy":"category","embeddable":true,"href":"https:\/\/archive.sana.sy\/tr\/index.php?rest_route=%2Fwp%2Fv2%2Fcategories&post=58425"},{"taxonomy":"post_tag","embeddable":true,"href":"https:\/\/archive.sana.sy\/tr\/index.php?rest_route=%2Fwp%2Fv2%2Ftags&post=58425"}],"curies":[{"name":"wp","href":"https:\/\/api.w.org\/{rel}","templated":true}]}}