{"id":58427,"date":"2016-01-20T10:59:36","date_gmt":"2016-01-20T08:59:36","guid":{"rendered":"http:\/\/sana.sy\/tr\/?p=58427"},"modified":"2016-01-20T15:41:59","modified_gmt":"2016-01-20T13:41:59","slug":"limanlar-yeniden-hizmete-acildi","status":"publish","type":"post","link":"https:\/\/archive.sana.sy\/tr\/?p=58427","title":{"rendered":"Limanlar Yeniden Hizmete A\u00e7\u0131ld\u0131"},"content":{"rendered":"<p>\u015eAM \u2013 Deniz Limanlar\u0131 Genel M\u00fcd\u00fcr\u00fc Meysem \u0130brahim el Yusuf, hava ko\u015fullar\u0131n\u0131n d\u00fczelmesi ve f\u0131rt\u0131nan\u0131n sona ermesi ard\u0131ndan Lazkiye ve Tartus deniz limanlar\u0131n\u0131n bug\u00fcn sabah saatlerinde yeniden hizmete a\u00e7\u0131ld\u0131\u011f\u0131n\u0131 a\u00e7\u0131klad\u0131.<\/p>\n<p>Yusuf \u015fiddetli f\u0131rt\u0131na sonucunda iki limanda olduk\u00e7a hafif hasarlar\u0131n olu\u015ftu\u011funu s\u00f6yledi.<\/p>\n<p>Lazkiye ve Tartus deniz limanlar\u0131nda demir atan gemilerin selameti i\u00e7in gerekli icraatlar\u0131n al\u0131nmas\u0131 ard\u0131ndan saatte 80 km h\u0131z\u0131nda meydana gelen f\u0131rt\u0131na nedeniyle Pazartesi g\u00fcn\u00fc kapat\u0131lm\u0131\u015ft\u0131.<\/p>\n","protected":false},"excerpt":{"rendered":"<p>\u015eAM \u2013 Deniz Limanlar\u0131 Genel M\u00fcd\u00fcr\u00fc Meysem \u0130brahim el Yusuf, hava ko\u015fullar\u0131n\u0131n d\u00fczelmesi ve f\u0131rt\u0131nan\u0131n sona ermesi ard\u0131ndan Lazkiye ve Tartus deniz limanlar\u0131n\u0131n bug\u00fcn sabah saatlerinde yeniden hizmete a\u00e7\u0131ld\u0131\u011f\u0131n\u0131 a\u00e7\u0131klad\u0131. Yusuf \u015fiddetli f\u0131rt\u0131na sonucunda iki limanda olduk\u00e7a hafif hasarlar\u0131n olu\u015ftu\u011funu s\u00f6yledi. Lazkiye ve Tartus deniz limanlar\u0131nda demir atan gemilerin selameti i\u00e7in gerekli icraatlar\u0131n al\u0131nmas\u0131 ard\u0131ndan &hellip;<\/p>\n","protected":false},"author":1,"featured_media":58429,"comment_status":"closed","ping_status":"closed","sticky":false,"template":"","format":"standard","meta":{"footnotes":""},"categories":[485,486,17988],"tags":[18704,18705],"class_list":["post-58427","post","type-post","status-publish","format-standard","has-post-thumbnail","","category-is-ve-sermaye","category-haberler-is-ve-sermaye","category-son-haberler","tag-lazkiye-limani","tag-tartus-limani"],"_links":{"self":[{"href":"https:\/\/archive.sana.sy\/tr\/index.php?rest_route=\/wp\/v2\/posts\/58427","targetHints":{"allow":["GET"]}}],"collection":[{"href":"https:\/\/archive.sana.sy\/tr\/index.php?rest_route=\/wp\/v2\/posts"}],"about":[{"href":"https:\/\/archive.sana.sy\/tr\/index.php?rest_route=\/wp\/v2\/types\/post"}],"author":[{"embeddable":true,"href":"https:\/\/archive.sana.sy\/tr\/index.php?rest_route=\/wp\/v2\/users\/1"}],"replies":[{"embeddable":true,"href":"https:\/\/archive.sana.sy\/tr\/index.php?rest_route=%2Fwp%2Fv2%2Fcomments&post=58427"}],"version-history":[{"count":0,"href":"https:\/\/archive.sana.sy\/tr\/index.php?rest_route=\/wp\/v2\/posts\/58427\/revisions"}],"wp:featuredmedia":[{"embeddable":true,"href":"https:\/\/archive.sana.sy\/tr\/index.php?rest_route=\/wp\/v2\/media\/58429"}],"wp:attachment":[{"href":"https:\/\/archive.sana.sy\/tr\/index.php?rest_route=%2Fwp%2Fv2%2Fmedia&parent=58427"}],"wp:term":[{"taxonomy":"category","embeddable":true,"href":"https:\/\/archive.sana.sy\/tr\/index.php?rest_route=%2Fwp%2Fv2%2Fcategories&post=58427"},{"taxonomy":"post_tag","embeddable":true,"href":"https:\/\/archive.sana.sy\/tr\/index.php?rest_route=%2Fwp%2Fv2%2Ftags&post=58427"}],"curies":[{"name":"wp","href":"https:\/\/api.w.org\/{rel}","templated":true}]}}