{"id":58439,"date":"2016-01-20T10:29:27","date_gmt":"2016-01-20T08:29:27","guid":{"rendered":"http:\/\/sana.sy\/tr\/?p=58439"},"modified":"2016-01-20T13:29:45","modified_gmt":"2016-01-20T11:29:45","slug":"baskent-samin-guney-kenarlarina-dusen-kadem-semtinde-ulusal-uzlasma-cabalari-kapsaminda-bugun-onlarca-aile-semtin-bati-ve-dogu-mahallerindeki-evlerine-donmeye-basladi","status":"publish","type":"post","link":"https:\/\/archive.sana.sy\/tr\/?p=58439","title":{"rendered":"Ba\u015fkent \u015eam\u2019\u0131n g\u00fcney kenarlar\u0131na d\u00fc\u015fen Kadem Semtinde ulusal uzla\u015fma \u00e7abalar\u0131 kapsam\u0131nda bug\u00fcn onlarca aile semtin bat\u0131 ve do\u011fu mahallerindeki evlerine d\u00f6nmeye ba\u015flad\u0131"},"content":{"rendered":"<p>Ba\u015fkent \u015eam\u2019\u0131n g\u00fcney kenarlar\u0131na d\u00fc\u015fen Kadem Semtinde ulusal uzla\u015fma \u00e7abalar\u0131 kapsam\u0131nda bug\u00fcn onlarca aile semtin bat\u0131 ve do\u011fu mahallerindeki evlerine d\u00f6nmeye ba\u015flad\u0131<\/p>\n","protected":false},"excerpt":{"rendered":"<p>Ba\u015fkent \u015eam\u2019\u0131n g\u00fcney kenarlar\u0131na d\u00fc\u015fen Kadem Semtinde ulusal uzla\u015fma \u00e7abalar\u0131 kapsam\u0131nda bug\u00fcn onlarca aile semtin bat\u0131 ve do\u011fu mahallerindeki evlerine d\u00f6nmeye ba\u015flad\u0131<\/p>\n","protected":false},"author":1,"featured_media":0,"comment_status":"closed","ping_status":"closed","sticky":false,"template":"","format":"standard","meta":{"footnotes":""},"categories":[17991],"tags":[],"class_list":["post-58439","post","type-post","status-publish","format-standard","","category-son-dakika"],"_links":{"self":[{"href":"https:\/\/archive.sana.sy\/tr\/index.php?rest_route=\/wp\/v2\/posts\/58439","targetHints":{"allow":["GET"]}}],"collection":[{"href":"https:\/\/archive.sana.sy\/tr\/index.php?rest_route=\/wp\/v2\/posts"}],"about":[{"href":"https:\/\/archive.sana.sy\/tr\/index.php?rest_route=\/wp\/v2\/types\/post"}],"author":[{"embeddable":true,"href":"https:\/\/archive.sana.sy\/tr\/index.php?rest_route=\/wp\/v2\/users\/1"}],"replies":[{"embeddable":true,"href":"https:\/\/archive.sana.sy\/tr\/index.php?rest_route=%2Fwp%2Fv2%2Fcomments&post=58439"}],"version-history":[{"count":0,"href":"https:\/\/archive.sana.sy\/tr\/index.php?rest_route=\/wp\/v2\/posts\/58439\/revisions"}],"wp:attachment":[{"href":"https:\/\/archive.sana.sy\/tr\/index.php?rest_route=%2Fwp%2Fv2%2Fmedia&parent=58439"}],"wp:term":[{"taxonomy":"category","embeddable":true,"href":"https:\/\/archive.sana.sy\/tr\/index.php?rest_route=%2Fwp%2Fv2%2Fcategories&post=58439"},{"taxonomy":"post_tag","embeddable":true,"href":"https:\/\/archive.sana.sy\/tr\/index.php?rest_route=%2Fwp%2Fv2%2Ftags&post=58439"}],"curies":[{"name":"wp","href":"https:\/\/api.w.org\/{rel}","templated":true}]}}