{"id":58592,"date":"2016-01-21T14:06:46","date_gmt":"2016-01-21T12:06:46","guid":{"rendered":"http:\/\/www.sana.sy\/tr\/?p=58592"},"modified":"2016-01-21T15:28:49","modified_gmt":"2016-01-21T13:28:49","slug":"bu-mesele-bmnin-gorevidir","status":"publish","type":"post","link":"https:\/\/archive.sana.sy\/tr\/?p=58592","title":{"rendered":"Bu Mesele BM\u2019nin G\u00f6revidir"},"content":{"rendered":"<p>DAVOS \u2013 \u0130ran D\u0131\u015fi\u015fleri Bakan\u0131 Muhammed Cevat Zarif Cenevre\u2019de Suriye h\u00fck\u00fcmeti ile diyaloga oturacak muhalefet temsilcileri heyetini belirleme g\u00f6revinin ne Suudi rejiminin d\u0131\u015fi\u015fleri bakan\u0131na ne de ba\u015fka bir tarafa de\u011fil de, BM Suriye \u00f6zel temsilcisi Staffan de Mistura\u2019ya d\u00fc\u015ft\u00fc\u011f\u00fcn\u00fc belirtti.<\/p>\n<p>\u0130svi\u00e7re&#8217;nin Davos Kentinde d\u00fczenlenen D\u00fcnya Ekonomik Forumu \u00e7al\u0131\u015fmalar\u0131 \u00e7er\u00e7evesinde bas\u0131n toplant\u0131s\u0131 d\u00fczenleyen Zarif; \u2018muhalefet temsilcileri heyetinin herhangi bir ter\u00f6r \u00f6rg\u00fct\u00fcn\u00fc temsil eden hi\u00e7bir \u00fcyeyi kapsamamas\u0131 gerekti\u011fine vurgu yapt\u0131. Zarif ge\u00e7en ay Suudi Arabistan\u2019\u0131n ba\u015fkenti Riyad\u2019ta d\u00fczenlenen \u2018Suriye muhalifleri bulu\u015fmas\u0131\u2019 toplant\u0131s\u0131na Kaide ter\u00f6r \u00f6rg\u00fct\u00fcne tabi \u00f6rg\u00fctleri temsil eden 10 \u00fcyenin kat\u0131ld\u0131\u011f\u0131na dikkat \u00e7ekti.<\/p>\n<p>Suriye&#8217;deki krize askeri \u00e7\u00f6z\u00fcm\u00fcn m\u00fcmk\u00fcn olmad\u0131\u011f\u0131n\u0131 ifade eden Zarif; g\u00f6r\u00fc\u015fmeler ba\u015flamadan sonu\u00e7lar\u0131na ili\u015fkin tahminlerde bulunmak yada bu g\u00f6r\u00fc\u015fmeler i\u00e7in \u00f6nko\u015ful dayatman\u0131n mant\u0131kl\u0131 olmad\u0131\u011f\u0131n\u0131 s\u00f6yledi.<\/p>\n","protected":false},"excerpt":{"rendered":"<p>DAVOS \u2013 \u0130ran D\u0131\u015fi\u015fleri Bakan\u0131 Muhammed Cevat Zarif Cenevre\u2019de Suriye h\u00fck\u00fcmeti ile diyaloga oturacak muhalefet temsilcileri heyetini belirleme g\u00f6revinin ne Suudi rejiminin d\u0131\u015fi\u015fleri bakan\u0131na ne de ba\u015fka bir tarafa de\u011fil de, BM Suriye \u00f6zel temsilcisi Staffan de Mistura\u2019ya d\u00fc\u015ft\u00fc\u011f\u00fcn\u00fc belirtti. \u0130svi\u00e7re&#8217;nin Davos Kentinde d\u00fczenlenen D\u00fcnya Ekonomik Forumu \u00e7al\u0131\u015fmalar\u0131 \u00e7er\u00e7evesinde bas\u0131n toplant\u0131s\u0131 d\u00fczenleyen Zarif; \u2018muhalefet temsilcileri &hellip;<\/p>\n","protected":false},"author":1,"featured_media":58593,"comment_status":"closed","ping_status":"closed","sticky":false,"template":"","format":"standard","meta":{"footnotes":""},"categories":[458,459,17988],"tags":[18473,18724,18726,17148,18725],"class_list":["post-58592","post","type-post","status-publish","format-standard","has-post-thumbnail","","category-dunya1","category-haberler-arap-uluslararasi-politika","category-son-haberler","tag-cenevre-gorusmeleri","tag-iran-disisleri-abkani","tag-muhalefet-temsilcileri","tag-muhammed-cevat-zarif","tag-suriye-muhalefet-heyeti"],"_links":{"self":[{"href":"https:\/\/archive.sana.sy\/tr\/index.php?rest_route=\/wp\/v2\/posts\/58592","targetHints":{"allow":["GET"]}}],"collection":[{"href":"https:\/\/archive.sana.sy\/tr\/index.php?rest_route=\/wp\/v2\/posts"}],"about":[{"href":"https:\/\/archive.sana.sy\/tr\/index.php?rest_route=\/wp\/v2\/types\/post"}],"author":[{"embeddable":true,"href":"https:\/\/archive.sana.sy\/tr\/index.php?rest_route=\/wp\/v2\/users\/1"}],"replies":[{"embeddable":true,"href":"https:\/\/archive.sana.sy\/tr\/index.php?rest_route=%2Fwp%2Fv2%2Fcomments&post=58592"}],"version-history":[{"count":0,"href":"https:\/\/archive.sana.sy\/tr\/index.php?rest_route=\/wp\/v2\/posts\/58592\/revisions"}],"wp:featuredmedia":[{"embeddable":true,"href":"https:\/\/archive.sana.sy\/tr\/index.php?rest_route=\/wp\/v2\/media\/58593"}],"wp:attachment":[{"href":"https:\/\/archive.sana.sy\/tr\/index.php?rest_route=%2Fwp%2Fv2%2Fmedia&parent=58592"}],"wp:term":[{"taxonomy":"category","embeddable":true,"href":"https:\/\/archive.sana.sy\/tr\/index.php?rest_route=%2Fwp%2Fv2%2Fcategories&post=58592"},{"taxonomy":"post_tag","embeddable":true,"href":"https:\/\/archive.sana.sy\/tr\/index.php?rest_route=%2Fwp%2Fv2%2Ftags&post=58592"}],"curies":[{"name":"wp","href":"https:\/\/api.w.org\/{rel}","templated":true}]}}