{"id":58597,"date":"2016-01-21T14:03:31","date_gmt":"2016-01-21T12:03:31","guid":{"rendered":"http:\/\/www.sana.sy\/tr\/?p=58597"},"modified":"2016-01-21T14:14:56","modified_gmt":"2016-01-21T12:14:56","slug":"hukumetin-suriyenin-her-bolgesinde-etnik-dini-ya-da-siyasi-fark-gozetmeksizin-istisnasiz-tum-suriyelilerin-ihtiyaclarini-karsilama-amacli-cabalarina-dikkat-ceken-muallim-bu-baglamda-suriye-kizilay","status":"publish","type":"post","link":"https:\/\/archive.sana.sy\/tr\/?p=58597","title":{"rendered":"H\u00fck\u00fcmetin Suriye&#8217;nin her b\u00f6lgesinde etnik, dini ya da siyasi fark g\u00f6zetmeksizin istisnas\u0131z t\u00fcm Suriyelilerin ihtiya\u00e7lar\u0131n\u0131 kar\u015f\u0131lama ama\u00e7l\u0131 \u00e7abalar\u0131na dikkat \u00e7eken Muallim; bu ba\u011flamda Suriye K\u0131z\u0131lay \u00d6rg\u00fct\u00fc ile koordinasyonuna \u0131\u015f\u0131k tuttu"},"content":{"rendered":"<p>H\u00fck\u00fcmetin Suriye&#8217;nin her b\u00f6lgesinde etnik, dini ya da siyasi fark g\u00f6zetmeksizin istisnas\u0131z t\u00fcm Suriyelilerin ihtiya\u00e7lar\u0131n\u0131 kar\u015f\u0131lama ama\u00e7l\u0131 \u00e7abalar\u0131na dikkat \u00e7eken Muallim; bu ba\u011flamda Suriye K\u0131z\u0131lay \u00d6rg\u00fct\u00fc ile koordinasyonuna \u0131\u015f\u0131k tuttu<\/p>\n","protected":false},"excerpt":{"rendered":"<p>H\u00fck\u00fcmetin Suriye&#8217;nin her b\u00f6lgesinde etnik, dini ya da siyasi fark g\u00f6zetmeksizin istisnas\u0131z t\u00fcm Suriyelilerin ihtiya\u00e7lar\u0131n\u0131 kar\u015f\u0131lama ama\u00e7l\u0131 \u00e7abalar\u0131na dikkat \u00e7eken Muallim; bu ba\u011flamda Suriye K\u0131z\u0131lay \u00d6rg\u00fct\u00fc ile koordinasyonuna \u0131\u015f\u0131k tuttu<\/p>\n","protected":false},"author":1,"featured_media":0,"comment_status":"closed","ping_status":"closed","sticky":false,"template":"","format":"standard","meta":{"footnotes":""},"categories":[17991],"tags":[],"class_list":["post-58597","post","type-post","status-publish","format-standard","","category-son-dakika"],"_links":{"self":[{"href":"https:\/\/archive.sana.sy\/tr\/index.php?rest_route=\/wp\/v2\/posts\/58597","targetHints":{"allow":["GET"]}}],"collection":[{"href":"https:\/\/archive.sana.sy\/tr\/index.php?rest_route=\/wp\/v2\/posts"}],"about":[{"href":"https:\/\/archive.sana.sy\/tr\/index.php?rest_route=\/wp\/v2\/types\/post"}],"author":[{"embeddable":true,"href":"https:\/\/archive.sana.sy\/tr\/index.php?rest_route=\/wp\/v2\/users\/1"}],"replies":[{"embeddable":true,"href":"https:\/\/archive.sana.sy\/tr\/index.php?rest_route=%2Fwp%2Fv2%2Fcomments&post=58597"}],"version-history":[{"count":0,"href":"https:\/\/archive.sana.sy\/tr\/index.php?rest_route=\/wp\/v2\/posts\/58597\/revisions"}],"wp:attachment":[{"href":"https:\/\/archive.sana.sy\/tr\/index.php?rest_route=%2Fwp%2Fv2%2Fmedia&parent=58597"}],"wp:term":[{"taxonomy":"category","embeddable":true,"href":"https:\/\/archive.sana.sy\/tr\/index.php?rest_route=%2Fwp%2Fv2%2Fcategories&post=58597"},{"taxonomy":"post_tag","embeddable":true,"href":"https:\/\/archive.sana.sy\/tr\/index.php?rest_route=%2Fwp%2Fv2%2Ftags&post=58597"}],"curies":[{"name":"wp","href":"https:\/\/api.w.org\/{rel}","templated":true}]}}