{"id":58599,"date":"2016-01-21T15:30:05","date_gmt":"2016-01-21T13:30:05","guid":{"rendered":"http:\/\/www.sana.sy\/tr\/?p=58599"},"modified":"2016-01-22T15:33:40","modified_gmt":"2016-01-22T13:33:40","slug":"insani-durumlar-politiklestirilmemelidir","status":"publish","type":"post","link":"https:\/\/archive.sana.sy\/tr\/?p=58599","title":{"rendered":"\u0130nsani Durumlar Politikle\u015ftirilmemelidir"},"content":{"rendered":"<p>\u015eAM \u2013 Ba\u015fbakan Yard\u0131mc\u0131s\u0131 D\u0131\u015fi\u015fleri ve Gurbet\u00e7iler Bakan\u0131 Velid el Muallim bug\u00fcn sabah saatlerinde BM M\u00fclteciler Y\u00fcksek Komiseri Filippo Grandi ve ona e\u015flik eden heyeti kabul etti.<\/p>\n<p><a href=\"http:\/\/www.sana.sy\/tr\/wp-content\/uploads\/2016\/01\/1-55.jpg\"><img loading=\"lazy\" decoding=\"async\" class=\"alignright wp-image-58603 size-medium\" src=\"http:\/\/www.sana.sy\/tr\/wp-content\/uploads\/2016\/01\/1-55-300x164.jpg\" alt=\"1\" width=\"300\" height=\"164\" srcset=\"https:\/\/archive.sana.sy\/tr\/wp-content\/uploads\/2016\/01\/1-55-300x164.jpg 300w, https:\/\/archive.sana.sy\/tr\/wp-content\/uploads\/2016\/01\/1-55-150x82.jpg 150w, https:\/\/archive.sana.sy\/tr\/wp-content\/uploads\/2016\/01\/1-55-768x419.jpg 768w, https:\/\/archive.sana.sy\/tr\/wp-content\/uploads\/2016\/01\/1-55-1024x559.jpg 1024w\" sizes=\"auto, (max-width: 300px) 100vw, 300px\" \/><\/a>Muallim g\u00f6r\u00fc\u015fmede Suriye h\u00fck\u00fcmetinin BM\u2019nin yan\u0131 s\u0131ra insani yard\u0131m takdim etmede ciddi ilgili kurumlarla i\u015fbirli\u011fi i\u00e7inde tehcir edilenler dahil t\u00fcm vatanda\u015flar\u0131n\u0131n ya\u015fam ko\u015fullar\u0131n\u0131 e\u015fit bir \u015fekilde garantileme \u00f6zeninde oldu\u011funu belirtti. H\u00fck\u00fcmetin Suriye&#8217;nin her b\u00f6lgesinde etnik, dini ya da siyasi fark g\u00f6zetmeksizin istisnas\u0131z t\u00fcm Suriyelilerin ihtiya\u00e7lar\u0131n\u0131 kar\u015f\u0131lama ama\u00e7l\u0131 \u00e7abalar\u0131na dikkat \u00e7eken Muallim; bu ba\u011flamda Suriye K\u0131z\u0131lay \u00d6rg\u00fct\u00fc ile koordinasyonuna \u0131\u015f\u0131k tuttu.<\/p>\n<p>Muallim Suriye h\u00fck\u00fcmeti ve halk\u0131n\u0131n evrensel tekfirci ter\u00f6r ve destek\u00e7ilerine kar\u015f\u0131 kader belirleyici bir m\u00fccadele verdiklerine vurgu yaparken; d\u0131\u015f g\u00fc\u00e7lerin destek ve talimatlar\u0131nda faaliyet g\u00f6steren ter\u00f6ristlerin Suriye&#8217;de savunmas\u0131z sivilleri, altyap\u0131 ve hizmet kurumlar\u0131n\u0131, kalk\u0131nsal kurumlar ve medeniyeti hedef ald\u0131klar\u0131n\u0131n alt\u0131n\u0131 \u00e7izdi.<\/p>\n<p><a href=\"http:\/\/www.sana.sy\/tr\/wp-content\/uploads\/2016\/01\/3-27.jpg\"><img loading=\"lazy\" decoding=\"async\" class=\"alignright wp-image-58604 size-medium\" src=\"http:\/\/www.sana.sy\/tr\/wp-content\/uploads\/2016\/01\/3-27-300x214.jpg\" alt=\"3\" width=\"300\" height=\"214\" srcset=\"https:\/\/archive.sana.sy\/tr\/wp-content\/uploads\/2016\/01\/3-27-300x214.jpg 300w, https:\/\/archive.sana.sy\/tr\/wp-content\/uploads\/2016\/01\/3-27-150x107.jpg 150w, https:\/\/archive.sana.sy\/tr\/wp-content\/uploads\/2016\/01\/3-27-768x549.jpg 768w, https:\/\/archive.sana.sy\/tr\/wp-content\/uploads\/2016\/01\/3-27-1024x732.jpg 1024w\" sizes=\"auto, (max-width: 300px) 100vw, 300px\" \/><\/a>\u0130nsani yard\u0131m ve durumlar\u0131n politikle\u015ftirilmemesi gere\u011fine vurgu yapan Muallim; tamamen insani bir boyut ta\u015f\u0131yan bu durumun politikle\u015ftirilmesinin \u00f6zellikle m\u00fcltecilerin durumunu daha da \u00e7ok k\u00f6t\u00fcye s\u00fcr\u00fckledi\u011fine dikkat \u00e7ekti.<\/p>\n<p>Kendi taraf\u0131ndan Grandi M\u00fclteciler Y\u00fcksek Komiserli\u011finin Suriye&#8217;deki \u00e7al\u0131\u015fmalar\u0131n\u0131n zorlu\u011funu irdelemi\u015f oldu\u011funu ifade ederken, iltica davalar\u0131 ile yard\u0131m kaynaklar\u0131 aras\u0131ndaki bo\u015fluklar aras\u0131nda bir denge temin etmeye \u00e7abalad\u0131\u011f\u0131n\u0131 s\u00f6yledi. M\u00fclteci ve tehcir edilenlere yard\u0131m etmede Suriye h\u00fck\u00fcmetinin \u00e7aba ve i\u015fbirli\u011finin b\u00fcy\u00fck bir takdire \u015fayan oldu\u011funu ifade eden Grandi; Komiserli\u011fin bu y\u00f6ndeki i\u015fbirli\u011fi ve yard\u0131mlar\u0131n\u0131 s\u00fcrd\u00fcrme niyetinde oldu\u011funu s\u00f6zlerine ekledi.<\/p>\n<p><span style=\"color: #0000ff\">\u0130ki Taraf \u0130\u015fbirli\u011finden Memnuniyetini \u0130fade Etti<\/span><\/p>\n<p>Muallim ile g\u00f6r\u00fc\u015fmesinden \u00f6nce Grandi ve ona e\u015flik eden heyet D\u0131\u015fi\u015fleri ve Gurbet\u00e7iler Bakan\u0131 Yard\u0131mc\u0131s\u0131 Faysal Mikdat ile bir araya gelmi\u015fti.<\/p>\n<p>G\u00f6r\u00fc\u015fmede iki taraf aralar\u0131ndaki i\u015fbirli\u011fi ve koordinasyonu masaya yat\u0131r\u0131rken, kar\u015f\u0131l\u0131kl\u0131 olarak koordinasyon ve i\u015fbirli\u011finden memnuniyetlerini ifade etmi\u015flerdi. \u0130ki taraf ayn\u0131 zamanda insani yard\u0131m meselesinin dar \u00e7\u0131karlar yada siyasi ajandalar u\u011fruna politikle\u015ftirilmemesi gere\u011finin de alt\u0131n\u0131 \u00e7izmi\u015flerdi.<\/p>\n","protected":false},"excerpt":{"rendered":"<p>\u015eAM \u2013 Ba\u015fbakan Yard\u0131mc\u0131s\u0131 D\u0131\u015fi\u015fleri ve Gurbet\u00e7iler Bakan\u0131 Velid el Muallim bug\u00fcn sabah saatlerinde BM M\u00fclteciler Y\u00fcksek Komiseri Filippo Grandi ve ona e\u015flik eden heyeti kabul etti. Muallim g\u00f6r\u00fc\u015fmede Suriye h\u00fck\u00fcmetinin BM\u2019nin yan\u0131 s\u0131ra insani yard\u0131m takdim etmede ciddi ilgili kurumlarla i\u015fbirli\u011fi i\u00e7inde tehcir edilenler dahil t\u00fcm vatanda\u015flar\u0131n\u0131n ya\u015fam ko\u015fullar\u0131n\u0131 e\u015fit bir \u015fekilde garantileme \u00f6zeninde &hellip;<\/p>\n","protected":false},"author":1,"featured_media":58602,"comment_status":"closed","ping_status":"closed","sticky":false,"template":"","format":"standard","meta":{"footnotes":""},"categories":[479,17988,478],"tags":[7612,18730,18727,18728,18729,16717,18708,18556],"class_list":["post-58599","post","type-post","status-publish","format-standard","has-post-thumbnail","","category-haberler-yerel","category-son-haberler","category-yerel","tag-basbakan-yardimcisi","tag-bm-multeciler-yuksek-komiseri-filippo-grandi","tag-disisleri-ve-gurbetciler-bakani","tag-faysal-mikdat","tag-insnai-yardim","tag-multeciler","tag-tehcir-edilenler","tag-velid-el-muallim"],"_links":{"self":[{"href":"https:\/\/archive.sana.sy\/tr\/index.php?rest_route=\/wp\/v2\/posts\/58599","targetHints":{"allow":["GET"]}}],"collection":[{"href":"https:\/\/archive.sana.sy\/tr\/index.php?rest_route=\/wp\/v2\/posts"}],"about":[{"href":"https:\/\/archive.sana.sy\/tr\/index.php?rest_route=\/wp\/v2\/types\/post"}],"author":[{"embeddable":true,"href":"https:\/\/archive.sana.sy\/tr\/index.php?rest_route=\/wp\/v2\/users\/1"}],"replies":[{"embeddable":true,"href":"https:\/\/archive.sana.sy\/tr\/index.php?rest_route=%2Fwp%2Fv2%2Fcomments&post=58599"}],"version-history":[{"count":0,"href":"https:\/\/archive.sana.sy\/tr\/index.php?rest_route=\/wp\/v2\/posts\/58599\/revisions"}],"wp:featuredmedia":[{"embeddable":true,"href":"https:\/\/archive.sana.sy\/tr\/index.php?rest_route=\/wp\/v2\/media\/58602"}],"wp:attachment":[{"href":"https:\/\/archive.sana.sy\/tr\/index.php?rest_route=%2Fwp%2Fv2%2Fmedia&parent=58599"}],"wp:term":[{"taxonomy":"category","embeddable":true,"href":"https:\/\/archive.sana.sy\/tr\/index.php?rest_route=%2Fwp%2Fv2%2Fcategories&post=58599"},{"taxonomy":"post_tag","embeddable":true,"href":"https:\/\/archive.sana.sy\/tr\/index.php?rest_route=%2Fwp%2Fv2%2Ftags&post=58599"}],"curies":[{"name":"wp","href":"https:\/\/api.w.org\/{rel}","templated":true}]}}