{"id":58601,"date":"2016-01-21T15:19:45","date_gmt":"2016-01-21T13:19:45","guid":{"rendered":"http:\/\/www.sana.sy\/tr\/?p=58601"},"modified":"2016-01-21T15:19:45","modified_gmt":"2016-01-21T13:19:45","slug":"rusya-disisleri-bakanligi-suriyede-dis-guclerin-destegi-ile-faaliyet-gosteren-teroristlerin-suriye-hukumeti-ile-muhalefet-temsilcileri-arasinda-yapilmasi-beklenen-cenevre-gorusmeleri-oncesinde-eyle","status":"publish","type":"post","link":"https:\/\/archive.sana.sy\/tr\/?p=58601","title":{"rendered":"Rusya D\u0131\u015fi\u015fleri Bakanl\u0131\u011f\u0131 Suriye&#8217;de d\u0131\u015f g\u00fc\u00e7lerin deste\u011fi ile faaliyet g\u00f6steren ter\u00f6ristlerin, Suriye h\u00fck\u00fcmeti ile muhalefet temsilcileri aras\u0131nda yap\u0131lmas\u0131 beklenen Cenevre g\u00f6r\u00fc\u015fmeleri \u00f6ncesinde eylemlerini t\u0131rmand\u0131rd\u0131klar\u0131na dikkat \u00e7ekti"},"content":{"rendered":"<p>Rusya D\u0131\u015fi\u015fleri Bakanl\u0131\u011f\u0131 Suriye&#8217;de d\u0131\u015f g\u00fc\u00e7lerin deste\u011fi ile faaliyet g\u00f6steren ter\u00f6ristlerin, Suriye h\u00fck\u00fcmeti ile muhalefet temsilcileri aras\u0131nda yap\u0131lmas\u0131 beklenen Cenevre g\u00f6r\u00fc\u015fmeleri \u00f6ncesinde eylemlerini t\u0131rmand\u0131rd\u0131klar\u0131na dikkat \u00e7ekti<\/p>\n","protected":false},"excerpt":{"rendered":"<p>Rusya D\u0131\u015fi\u015fleri Bakanl\u0131\u011f\u0131 Suriye&#8217;de d\u0131\u015f g\u00fc\u00e7lerin deste\u011fi ile faaliyet g\u00f6steren ter\u00f6ristlerin, Suriye h\u00fck\u00fcmeti ile muhalefet temsilcileri aras\u0131nda yap\u0131lmas\u0131 beklenen Cenevre g\u00f6r\u00fc\u015fmeleri \u00f6ncesinde eylemlerini t\u0131rmand\u0131rd\u0131klar\u0131na dikkat \u00e7ekti<\/p>\n","protected":false},"author":1,"featured_media":0,"comment_status":"closed","ping_status":"closed","sticky":false,"template":"","format":"standard","meta":{"footnotes":""},"categories":[17991],"tags":[],"class_list":["post-58601","post","type-post","status-publish","format-standard","","category-son-dakika"],"_links":{"self":[{"href":"https:\/\/archive.sana.sy\/tr\/index.php?rest_route=\/wp\/v2\/posts\/58601","targetHints":{"allow":["GET"]}}],"collection":[{"href":"https:\/\/archive.sana.sy\/tr\/index.php?rest_route=\/wp\/v2\/posts"}],"about":[{"href":"https:\/\/archive.sana.sy\/tr\/index.php?rest_route=\/wp\/v2\/types\/post"}],"author":[{"embeddable":true,"href":"https:\/\/archive.sana.sy\/tr\/index.php?rest_route=\/wp\/v2\/users\/1"}],"replies":[{"embeddable":true,"href":"https:\/\/archive.sana.sy\/tr\/index.php?rest_route=%2Fwp%2Fv2%2Fcomments&post=58601"}],"version-history":[{"count":0,"href":"https:\/\/archive.sana.sy\/tr\/index.php?rest_route=\/wp\/v2\/posts\/58601\/revisions"}],"wp:attachment":[{"href":"https:\/\/archive.sana.sy\/tr\/index.php?rest_route=%2Fwp%2Fv2%2Fmedia&parent=58601"}],"wp:term":[{"taxonomy":"category","embeddable":true,"href":"https:\/\/archive.sana.sy\/tr\/index.php?rest_route=%2Fwp%2Fv2%2Fcategories&post=58601"},{"taxonomy":"post_tag","embeddable":true,"href":"https:\/\/archive.sana.sy\/tr\/index.php?rest_route=%2Fwp%2Fv2%2Ftags&post=58601"}],"curies":[{"name":"wp","href":"https:\/\/api.w.org\/{rel}","templated":true}]}}