{"id":5861,"date":"2014-07-25T20:36:49","date_gmt":"2014-07-25T17:36:49","guid":{"rendered":"http:\/\/www.sana.sy\/tr\/?p=5861"},"modified":"2014-07-25T20:36:26","modified_gmt":"2014-07-25T17:36:26","slug":"nasrullah-suriye-siyonist-proje-karsisinda-saglam-bir-surdur","status":"publish","type":"post","link":"https:\/\/archive.sana.sy\/tr\/?p=5861","title":{"rendered":"Nasrullah: Suriye Siyonist Proje Kar\u015f\u0131s\u0131nda Sa\u011flam Bir Surdur"},"content":{"rendered":"<p>BEYRUT \u2013 L\u00fcbnanl\u0131 Hizbullah Partisi Genel Sekreteri Hasan Nasrullah Suriye\u2019nin Siyonist proje kar\u015f\u0131s\u0131nda sa\u011flam bir sur oldu\u011funu ve her zaman \u00f6yle kalaca\u011f\u0131n\u0131 ifade etti.<\/p>\n<p>Beyrut\u2019ta G\u00fcney \u015eehitleri ve Kurbanlar\u0131 An\u0131t\u0131nda, D\u00fcnya Kud\u00fcs G\u00fcn\u00fc m\u00fcnasebetiyle d\u00fczenlenen mitingde kitleye hitap eden Nasrullah; Filistin direni\u015finin tasfiye edilmesinin Bat\u0131 ve ABD\u2019nin hayalleri aras\u0131nda yer ald\u0131\u011f\u0131na i\u015faret ederek b\u00fct\u00fcn komplolara ra\u011fmen Suriye gibi devletlerin destek ve tutumlar\u0131 sayesinde Filistin davas\u0131n\u0131n b\u00f6lgenin ve d\u00fcnyan\u0131n politikalar\u0131na y\u00f6n verecek g\u00fc\u00e7te oldu\u011funu vurgulad\u0131.<\/p>\n<p>Filistin topraklar\u0131n\u0131n gasp edildi\u011fi g\u00fcnden bu yana en tehlikeli a\u015faman\u0131n ya\u015fanmakta oldu\u011funa dikkat \u00e7eken Nasrullah; b\u00f6lgede ya\u015fanan olaylar\u0131n b\u00f6lge devletleri, halklar\u0131 ve toplumlar\u0131n\u0131n \u00e7izgisini de\u011fi\u015ftirmeyi ama\u00e7lad\u0131\u011f\u0131n\u0131 beyan etti.<\/p>\n<p>Gazze\u2019de bulunan Filistinlilere seslenen Nasrullah; kahramanca sergiledi\u011fi direni\u015fle Gazze\u2019nin \u015fimdiden muazzam bir zafer kazand\u0131\u011f\u0131n\u0131 dile getirerek i\u015fgal ordusunun Gazze\u2019ye sava\u015f\u00e7\u0131 bir ordu olarak de\u011fil az\u0131l\u0131 bir katil gibi girdi\u011fini ibraz etti.<\/p>\n","protected":false},"excerpt":{"rendered":"<p>BEYRUT \u2013 L\u00fcbnanl\u0131 Hizbullah Partisi Genel Sekreteri Hasan Nasrullah Suriye\u2019nin Siyonist proje kar\u015f\u0131s\u0131nda sa\u011flam bir sur oldu\u011funu ve her zaman \u00f6yle kalaca\u011f\u0131n\u0131 ifade etti. Beyrut\u2019ta G\u00fcney \u015eehitleri ve Kurbanlar\u0131 An\u0131t\u0131nda, D\u00fcnya Kud\u00fcs G\u00fcn\u00fc m\u00fcnasebetiyle d\u00fczenlenen mitingde kitleye hitap eden Nasrullah; Filistin direni\u015finin tasfiye edilmesinin Bat\u0131 ve ABD\u2019nin hayalleri aras\u0131nda yer ald\u0131\u011f\u0131na i\u015faret ederek b\u00fct\u00fcn komplolara &hellip;<\/p>\n","protected":false},"author":1,"featured_media":5863,"comment_status":"closed","ping_status":"closed","sticky":false,"template":"","format":"standard","meta":{"footnotes":""},"categories":[458,459,447,584],"tags":[1285],"class_list":["post-5861","post","type-post","status-publish","format-standard","has-post-thumbnail","","category-dunya1","category-haberler-arap-uluslararasi-politika","category-politika","category-yurtdisinda-sana-ofisleri","tag-nasrullah-suriye-siyonist-proje-karsisinda-saglam-bir-surdur"],"_links":{"self":[{"href":"https:\/\/archive.sana.sy\/tr\/index.php?rest_route=\/wp\/v2\/posts\/5861","targetHints":{"allow":["GET"]}}],"collection":[{"href":"https:\/\/archive.sana.sy\/tr\/index.php?rest_route=\/wp\/v2\/posts"}],"about":[{"href":"https:\/\/archive.sana.sy\/tr\/index.php?rest_route=\/wp\/v2\/types\/post"}],"author":[{"embeddable":true,"href":"https:\/\/archive.sana.sy\/tr\/index.php?rest_route=\/wp\/v2\/users\/1"}],"replies":[{"embeddable":true,"href":"https:\/\/archive.sana.sy\/tr\/index.php?rest_route=%2Fwp%2Fv2%2Fcomments&post=5861"}],"version-history":[{"count":0,"href":"https:\/\/archive.sana.sy\/tr\/index.php?rest_route=\/wp\/v2\/posts\/5861\/revisions"}],"wp:featuredmedia":[{"embeddable":true,"href":"https:\/\/archive.sana.sy\/tr\/index.php?rest_route=\/wp\/v2\/media\/5863"}],"wp:attachment":[{"href":"https:\/\/archive.sana.sy\/tr\/index.php?rest_route=%2Fwp%2Fv2%2Fmedia&parent=5861"}],"wp:term":[{"taxonomy":"category","embeddable":true,"href":"https:\/\/archive.sana.sy\/tr\/index.php?rest_route=%2Fwp%2Fv2%2Fcategories&post=5861"},{"taxonomy":"post_tag","embeddable":true,"href":"https:\/\/archive.sana.sy\/tr\/index.php?rest_route=%2Fwp%2Fv2%2Ftags&post=5861"}],"curies":[{"name":"wp","href":"https:\/\/api.w.org\/{rel}","templated":true}]}}