{"id":58663,"date":"2016-01-22T16:56:21","date_gmt":"2016-01-22T14:56:21","guid":{"rendered":"http:\/\/www.sana.sy\/tr\/?p=58663"},"modified":"2016-01-22T17:08:53","modified_gmt":"2016-01-22T15:08:53","slug":"lazkiye-kirsalinin-kuzeyinde-erdogan-rejimine-tabi-cokuluslu-tekfirci-ve-hain-teroristlere-yonelik-operasyonlarin-basariyla-devam-ettigini-aktaran-kaynak-sanaya-aciklamasinda-ordu-birliklerim","status":"publish","type":"post","link":"https:\/\/archive.sana.sy\/tr\/?p=58663","title":{"rendered":"Lazkiye k\u0131rsal\u0131n\u0131n kuzeyinde Erdo\u011fan rejimine tabi \u00e7okuluslu tekfirci ve hain ter\u00f6ristlere y\u00f6nelik operasyonlar\u0131n ba\u015far\u0131yla devam etti\u011fini aktaran kaynak SANA\u2019ya a\u00e7\u0131klamas\u0131nda ordu birliklerimizin Halk Savunma G\u00fc\u00e7leriyle i\u015fbirli\u011fi i\u00e7inde S\u00fcveyda, Beyt Avvan, Belder ve Riyf Muhtaru k\u00f6ylerine ek olarak S\u00fcveyda ve Serkel da\u011flar\u0131n\u0131n yan\u0131 s\u0131ra 465 noktas\u0131n\u0131 ter\u00f6rden temizleyip kontrollerine ge\u00e7irdiklerini belirtti."},"content":{"rendered":"<p>Lazkiye k\u0131rsal\u0131n\u0131n kuzeyinde Erdo\u011fan rejimine tabi \u00e7okuluslu tekfirci ve hain ter\u00f6ristlere y\u00f6nelik operasyonlar\u0131n ba\u015far\u0131yla devam etti\u011fini aktaran kaynak SANA\u2019ya a\u00e7\u0131klamas\u0131nda ordu birliklerimizin Halk Savunma G\u00fc\u00e7leriyle i\u015fbirli\u011fi i\u00e7inde S\u00fcveyda, Beyt Avvan, Belder ve Riyf Muhtaru k\u00f6ylerine ek olarak S\u00fcveyda ve Serkel da\u011flar\u0131n\u0131n yan\u0131 s\u0131ra 465 noktas\u0131n\u0131 ter\u00f6rden temizleyip kontrollerine ge\u00e7irdiklerini belirtti<\/p>\n","protected":false},"excerpt":{"rendered":"<p>Lazkiye k\u0131rsal\u0131n\u0131n kuzeyinde Erdo\u011fan rejimine tabi \u00e7okuluslu tekfirci ve hain ter\u00f6ristlere y\u00f6nelik operasyonlar\u0131n ba\u015far\u0131yla devam etti\u011fini aktaran kaynak SANA\u2019ya a\u00e7\u0131klamas\u0131nda ordu birliklerimizin Halk Savunma G\u00fc\u00e7leriyle i\u015fbirli\u011fi i\u00e7inde S\u00fcveyda, Beyt Avvan, Belder ve Riyf Muhtaru k\u00f6ylerine ek olarak S\u00fcveyda ve Serkel da\u011flar\u0131n\u0131n yan\u0131 s\u0131ra 465 noktas\u0131n\u0131 ter\u00f6rden temizleyip kontrollerine ge\u00e7irdiklerini belirtti<\/p>\n","protected":false},"author":1,"featured_media":0,"comment_status":"closed","ping_status":"closed","sticky":false,"template":"","format":"standard","meta":{"footnotes":""},"categories":[17991],"tags":[],"class_list":["post-58663","post","type-post","status-publish","format-standard","","category-son-dakika"],"_links":{"self":[{"href":"https:\/\/archive.sana.sy\/tr\/index.php?rest_route=\/wp\/v2\/posts\/58663","targetHints":{"allow":["GET"]}}],"collection":[{"href":"https:\/\/archive.sana.sy\/tr\/index.php?rest_route=\/wp\/v2\/posts"}],"about":[{"href":"https:\/\/archive.sana.sy\/tr\/index.php?rest_route=\/wp\/v2\/types\/post"}],"author":[{"embeddable":true,"href":"https:\/\/archive.sana.sy\/tr\/index.php?rest_route=\/wp\/v2\/users\/1"}],"replies":[{"embeddable":true,"href":"https:\/\/archive.sana.sy\/tr\/index.php?rest_route=%2Fwp%2Fv2%2Fcomments&post=58663"}],"version-history":[{"count":0,"href":"https:\/\/archive.sana.sy\/tr\/index.php?rest_route=\/wp\/v2\/posts\/58663\/revisions"}],"wp:attachment":[{"href":"https:\/\/archive.sana.sy\/tr\/index.php?rest_route=%2Fwp%2Fv2%2Fmedia&parent=58663"}],"wp:term":[{"taxonomy":"category","embeddable":true,"href":"https:\/\/archive.sana.sy\/tr\/index.php?rest_route=%2Fwp%2Fv2%2Fcategories&post=58663"},{"taxonomy":"post_tag","embeddable":true,"href":"https:\/\/archive.sana.sy\/tr\/index.php?rest_route=%2Fwp%2Fv2%2Ftags&post=58663"}],"curies":[{"name":"wp","href":"https:\/\/api.w.org\/{rel}","templated":true}]}}