{"id":58665,"date":"2016-01-22T19:30:51","date_gmt":"2016-01-22T17:30:51","guid":{"rendered":"http:\/\/www.sana.sy\/tr\/?p=58665"},"modified":"2016-01-23T16:07:46","modified_gmt":"2016-01-23T14:07:46","slug":"vatan-koruyucularimiz-kontrolleri-altindaki-bolgeleri-genisletmeye-devam-ediyor","status":"publish","type":"post","link":"https:\/\/archive.sana.sy\/tr\/?p=58665","title":{"rendered":"Vatan Koruyucular\u0131m\u0131z Kontrolleri Alt\u0131ndaki B\u00f6lgeleri Geni\u015fletmeye Devam Ediyor"},"content":{"rendered":"<p>\u0130LLER \u2013 Bir\u00e7ok b\u00f6lgede \u00e7okuluslu tekfirci ve vatan haini ter\u00f6ristlere y\u00f6nelik operasyonlar\u0131nda kontrolleri alt\u0131ndaki b\u00f6lgeleri geni\u015fletme ve halk\u0131n g\u00fcvenli\u011fini sa\u011flamaya devam eden ordu birliklerimiz d\u0131\u015f g\u00fc\u00e7lerin destek ve komutas\u0131ndaki ter\u00f6ristleri a\u011f\u0131r kay\u0131plara u\u011fratmay\u0131 s\u00fcrd\u00fcrd\u00fc.<\/p>\n<p><span style=\"color: #0000ff\">LAZK\u0130YE:<\/span><\/p>\n<p>Lazkiye k\u0131rsal\u0131n\u0131n kuzeyinde Erdo\u011fan rejimine tabi \u00e7okuluslu tekfirci ve hain ter\u00f6ristlere y\u00f6nelik operasyonlar\u0131n ba\u015far\u0131yla devam etti\u011fini aktaran kaynak SANA\u2019ya a\u00e7\u0131klamas\u0131nda ordu birliklerimizin Halk Savunma G\u00fc\u00e7leriyle i\u015fbirli\u011fi i\u00e7inde S\u00fcveyda, Beyt Avvan, Belder ve Riyf Muhtaru k\u00f6ylerine ek olarak S\u00fcveyda ve Serkel da\u011flar\u0131n\u0131n yan\u0131 s\u0131ra 465 noktas\u0131n\u0131 ter\u00f6rden temizleyip kontrollerine ge\u00e7irdiklerini belirtti.<\/p>\n<p>Kaynak daha \u00f6nce yapt\u0131\u011f\u0131 a\u00e7\u0131klamada ordu birliklerimizin halk savunma g\u00fc\u00e7leriyle i\u015fbirli\u011fi i\u00e7inde Lazkiye k\u0131rsal\u0131n\u0131n kuzeyi Cebel el Kaluksy, Ketf el Kamu, \u011eniyme, Kalaye, Beyt \u015eakir, Uvaynat, Han el Cavz, Beyt Riyha ve Bradon b\u00f6lgelerini ihvanc\u0131 Erdo\u011fan \u00e7etelerinden temizleyerek kontrollerine ge\u00e7irdiklerini ifade etti.<\/p>\n<p>Ordu birliklerimizin radikal ter\u00f6r \u00e7etelerle \u015fiddetli \u00e7at\u0131\u015fmalarda en az 150 ter\u00f6risti \u00f6ld\u00fcrmeleriyle bir\u00e7ok ter\u00f6ristin T\u00fcrkiye s\u0131n\u0131rlar\u0131na ka\u00e7malar\u0131 ard\u0131ndan b\u00f6lgeleri kontrollerine ge\u00e7irdiklerini belirten kaynak; ter\u00f6ristlerin arkalar\u0131nda silah ve m\u00fchimmatlar\u0131n\u0131 b\u0131rakt\u0131klar\u0131n\u0131 aktard\u0131.<\/p>\n<p>Kaynak; ordu birliklerimize tabi bomba imha ekiplerinin arama tarama operasyonlar\u0131nda \u00f6zel ve kamu m\u00fclklere yerle\u015ftirilen bomba d\u00fczeneklerini etkisiz hale getirdiklerini s\u00f6yledi.<\/p>\n<p>Ak\u015fam saatlerinde SANA\u2019ya a\u00e7\u0131klama yapan askeri bir kaynak ordu birliklerimizin Lazkiye k\u0131rsal\u0131nda Seraya, Camusiye, Reyyana ve \u011ea\u015fmaliye k\u00f6ylerinin yan\u0131 s\u0131ra Burcsaliye ve Merran da\u011flar\u0131n\u0131 Erdo\u011fan rejimine tabi tekfirci ve hainlerden temizleyip b\u00f6lge ahalisinin can ve mal g\u00fcvenli\u011fini sa\u011flad\u0131klar\u0131n\u0131 belirtti.<\/p>\n<p><span style=\"color: #0000ff\">HAMA:<\/span><\/p>\n<p>Hama k\u0131rsal\u0131nda T\u00fcrkiye ve Suudi rejimlerinin \u2018Fetih Ordusu\u2019 ad\u0131 alt\u0131nda destekledikleri \u00e7okuluslu ve hain ter\u00f6ristlere y\u00f6nelik operasyonlar\u0131n bug\u00fcn \u00f6nemli ba\u015far\u0131larla devam etti\u011fini ifade eden askeri kaynak SANA\u2019ya a\u00e7\u0131klamas\u0131nda Hama Kentinin 38 km kuzeyine d\u00fc\u015fen Latamina ve Kefarzeyta beldelerinin yan\u0131 s\u0131ra Skik K\u00f6y\u00fcnde s\u00f6z konusu ter\u00f6ristlere ait mevki ve karargahlar\u0131n yo\u011fun ate\u015fe tutuldu\u011funu belirtti.<\/p>\n<p>Kaynak operasyonlarda bir\u00e7ok karargah ve arac\u0131n yan\u0131 s\u0131ra b\u00fcy\u00fck miktarda cephanelerinin imha edildi\u011fini ifade ederken aralar\u0131nda saha komutanlar\u0131n\u0131n bulundu\u011fu \u00e7ok say\u0131da ter\u00f6ristin de \u00f6ld\u00fcr\u00fcld\u00fc\u011f\u00fcn\u00fc s\u00f6zlerine ekledi.<\/p>\n<p>Ayn\u0131 kaynak ordu birliklerimizin Hama Kentinin yakla\u015f\u0131k 40 km g\u00fcneybat\u0131s\u0131na d\u00fc\u015fen Hurbinafsu K\u00f6y\u00fc civar\u0131nda Nusra Cephesine tabi bir ter\u00f6r grubunun t\u00fcm \u00fcyelerini ekipmanlar\u0131yla birlikte etkisiz hale getirdiklerini aktard\u0131.<\/p>\n<p><span style=\"color: #0000ff\">\u0130DL\u0130B:<\/span><\/p>\n<p>SANA\u2019ya a\u00e7\u0131klama yapan askeri kaynak \u0130dlib k\u0131rsal\u0131nda T\u00fcrkiye ve Suudi Arabistan rejimlerinin destek ve talimatlar\u0131yla faaliyet g\u00f6steren ter\u00f6ristlere y\u00f6nelik operasyonlar\u0131 kapsam\u0131nda ordu birliklerimizin \u015eeh\u015febo Da\u011f\u0131nda roketlerin imal edildi\u011fi bir at\u00f6lye ve bir cephaneli\u011fin yan\u0131 s\u0131ra a\u011f\u0131r silahlarla donat\u0131lm\u0131\u015f 3 arac\u0131 imha ettiklerini belirtti.<\/p>\n<p>Ordu birliklerimizin Temania Beldesine ek olarak Han \u015eeyhun B\u00f6lgesindeki depolar\u0131n g\u00fcneyinde \u2018Fetih Ordusu\u2019 \u00e7etelerinin say\u0131 ve ekipmanlar\u0131yla ciddi kay\u0131plara u\u011frat\u0131ld\u0131klar\u0131n\u0131 s\u00f6yleyen kaynak; \u00f6ld\u00fcr\u00fclen ter\u00f6ristlerin aras\u0131nda tehlikeli isimlerin bulundu\u011funa dikkat \u00e7ekti.<\/p>\n<p><span style=\"color: #0000ff\">DERA:<\/span><\/p>\n<p>\u00d6te yandan Dera\u2019da \u0130srail\u2019den destek alan radikal ter\u00f6r \u00f6rg\u00fctlere y\u00f6nelik nitelikli operasyonlar\u0131n\u0131 s\u00fcrd\u00fcren ordu birliklerimiz; Dera Beled\u2019in Bacabice Mahallesinin g\u00fcneyinde ter\u00f6ristlerin toplanma yerlerini yo\u011fun ate\u015fe tutmalar\u0131 sonucunda tekfircilerin saflar\u0131nda a\u011f\u0131r kay\u0131plara yol a\u00e7t\u0131.<\/p>\n<p>Dera Mahatta\u2019n\u0131n muhtelif b\u00f6lgelerinde de ordu birliklerimiz ter\u00f6ristlerin siper ve mevkilerini hedef almalar\u0131yla \u00e7ok say\u0131da ter\u00f6risti \u00f6l\u00fc ve yaral\u0131 d\u00fc\u015f\u00fcrerek ara\u00e7lar\u0131n\u0131n yan\u0131 s\u0131ra silah ve m\u00fchimmatlar\u0131n\u0131 tamamen yok etti.<\/p>\n<p>Bu arada ter\u00f6r \u00e7eteleri medya ara\u00e7lar\u0131nda aralar\u0131nda tehlikeli isimlerin bulundu\u011fu bir\u00e7ok ter\u00f6ristin \u00f6ld\u00fcr\u00fcld\u00fc\u011f\u00fcn\u00fc itiraf etti.<\/p>\n<p>M.M.<\/p>\n","protected":false},"excerpt":{"rendered":"<p>\u0130LLER \u2013 Bir\u00e7ok b\u00f6lgede \u00e7okuluslu tekfirci ve vatan haini ter\u00f6ristlere y\u00f6nelik operasyonlar\u0131nda kontrolleri alt\u0131ndaki b\u00f6lgeleri geni\u015fletme ve halk\u0131n g\u00fcvenli\u011fini sa\u011flamaya devam eden ordu birliklerimiz d\u0131\u015f g\u00fc\u00e7lerin destek ve komutas\u0131ndaki ter\u00f6ristleri a\u011f\u0131r kay\u0131plara u\u011fratmay\u0131 s\u00fcrd\u00fcrd\u00fc. LAZK\u0130YE: Lazkiye k\u0131rsal\u0131n\u0131n kuzeyinde Erdo\u011fan rejimine tabi \u00e7okuluslu tekfirci ve hain ter\u00f6ristlere y\u00f6nelik operasyonlar\u0131n ba\u015far\u0131yla devam etti\u011fini aktaran kaynak SANA\u2019ya a\u00e7\u0131klamas\u0131nda &hellip;<\/p>\n","protected":false},"author":1,"featured_media":58666,"comment_status":"closed","ping_status":"closed","sticky":false,"template":"","format":"standard","meta":{"footnotes":""},"categories":[575],"tags":[],"class_list":["post-58665","post","type-post","status-publish","format-standard","has-post-thumbnail","","category-olaylar-ve-gercekler"],"_links":{"self":[{"href":"https:\/\/archive.sana.sy\/tr\/index.php?rest_route=\/wp\/v2\/posts\/58665","targetHints":{"allow":["GET"]}}],"collection":[{"href":"https:\/\/archive.sana.sy\/tr\/index.php?rest_route=\/wp\/v2\/posts"}],"about":[{"href":"https:\/\/archive.sana.sy\/tr\/index.php?rest_route=\/wp\/v2\/types\/post"}],"author":[{"embeddable":true,"href":"https:\/\/archive.sana.sy\/tr\/index.php?rest_route=\/wp\/v2\/users\/1"}],"replies":[{"embeddable":true,"href":"https:\/\/archive.sana.sy\/tr\/index.php?rest_route=%2Fwp%2Fv2%2Fcomments&post=58665"}],"version-history":[{"count":0,"href":"https:\/\/archive.sana.sy\/tr\/index.php?rest_route=\/wp\/v2\/posts\/58665\/revisions"}],"wp:featuredmedia":[{"embeddable":true,"href":"https:\/\/archive.sana.sy\/tr\/index.php?rest_route=\/wp\/v2\/media\/58666"}],"wp:attachment":[{"href":"https:\/\/archive.sana.sy\/tr\/index.php?rest_route=%2Fwp%2Fv2%2Fmedia&parent=58665"}],"wp:term":[{"taxonomy":"category","embeddable":true,"href":"https:\/\/archive.sana.sy\/tr\/index.php?rest_route=%2Fwp%2Fv2%2Fcategories&post=58665"},{"taxonomy":"post_tag","embeddable":true,"href":"https:\/\/archive.sana.sy\/tr\/index.php?rest_route=%2Fwp%2Fv2%2Ftags&post=58665"}],"curies":[{"name":"wp","href":"https:\/\/api.w.org\/{rel}","templated":true}]}}