{"id":58674,"date":"2016-01-22T17:20:03","date_gmt":"2016-01-22T15:20:03","guid":{"rendered":"http:\/\/www.sana.sy\/tr\/?p=58674"},"modified":"2016-01-23T16:10:11","modified_gmt":"2016-01-23T14:10:11","slug":"lavrov-ve-ban-telefonla-gorustu","status":"publish","type":"post","link":"https:\/\/archive.sana.sy\/tr\/?p=58674","title":{"rendered":"Lavrov ve Ban Telefonla G\u00f6r\u00fc\u015ft\u00fc"},"content":{"rendered":"<p>MOSKOVA \u2013 Rusya D\u0131\u015fi\u015fleri Bakan\u0131 Yard\u0131mc\u0131s\u0131 Sergey Lavrov BM Genel Sekreteri Ban Ki-moon ile bulundu\u011fu telefon g\u00f6r\u00fc\u015fmesinde Suriye&#8217;deki krizin \u00e7\u00f6z\u00fcm\u00fc konusunda Cenevre\u2019de yap\u0131lmas\u0131 beklenen g\u00f6r\u00fc\u015fmeler i\u00e7in yap\u0131lan haz\u0131rl\u0131klar\u0131 g\u00f6r\u00fc\u015ft\u00fc.<\/p>\n<p>Rusya D\u0131\u015fi\u015fleri Bakanl\u0131\u011f\u0131 bug\u00fcn yay\u0131nlad\u0131\u011f\u0131 beyanda Lavrov Ban ile ayn\u0131 zamanda I\u015e\u0130D\u2019e kar\u015f\u0131 sava\u015f konusunda BM G\u00fcvenlik Konseyinin kararlar\u0131n\u0131 etkinle\u015ftirme olanaklar\u0131n\u0131 de\u011ferlendirdi\u011fini ifade ederken iki taraf\u0131n Suriye&#8217;deki bir k\u0131s\u0131m insani durumlar\u0131 da ele ald\u0131klar\u0131n\u0131 a\u00e7\u0131klad\u0131.<\/p>\n","protected":false},"excerpt":{"rendered":"<p>MOSKOVA \u2013 Rusya D\u0131\u015fi\u015fleri Bakan\u0131 Yard\u0131mc\u0131s\u0131 Sergey Lavrov BM Genel Sekreteri Ban Ki-moon ile bulundu\u011fu telefon g\u00f6r\u00fc\u015fmesinde Suriye&#8217;deki krizin \u00e7\u00f6z\u00fcm\u00fc konusunda Cenevre\u2019de yap\u0131lmas\u0131 beklenen g\u00f6r\u00fc\u015fmeler i\u00e7in yap\u0131lan haz\u0131rl\u0131klar\u0131 g\u00f6r\u00fc\u015ft\u00fc. Rusya D\u0131\u015fi\u015fleri Bakanl\u0131\u011f\u0131 bug\u00fcn yay\u0131nlad\u0131\u011f\u0131 beyanda Lavrov Ban ile ayn\u0131 zamanda I\u015e\u0130D\u2019e kar\u015f\u0131 sava\u015f konusunda BM G\u00fcvenlik Konseyinin kararlar\u0131n\u0131 etkinle\u015ftirme olanaklar\u0131n\u0131 de\u011ferlendirdi\u011fini ifade ederken iki taraf\u0131n &hellip;<\/p>\n","protected":false},"author":1,"featured_media":58675,"comment_status":"closed","ping_status":"closed","sticky":false,"template":"","format":"standard","meta":{"footnotes":""},"categories":[458,459,17988],"tags":[],"class_list":["post-58674","post","type-post","status-publish","format-standard","has-post-thumbnail","","category-dunya1","category-haberler-arap-uluslararasi-politika","category-son-haberler"],"_links":{"self":[{"href":"https:\/\/archive.sana.sy\/tr\/index.php?rest_route=\/wp\/v2\/posts\/58674","targetHints":{"allow":["GET"]}}],"collection":[{"href":"https:\/\/archive.sana.sy\/tr\/index.php?rest_route=\/wp\/v2\/posts"}],"about":[{"href":"https:\/\/archive.sana.sy\/tr\/index.php?rest_route=\/wp\/v2\/types\/post"}],"author":[{"embeddable":true,"href":"https:\/\/archive.sana.sy\/tr\/index.php?rest_route=\/wp\/v2\/users\/1"}],"replies":[{"embeddable":true,"href":"https:\/\/archive.sana.sy\/tr\/index.php?rest_route=%2Fwp%2Fv2%2Fcomments&post=58674"}],"version-history":[{"count":0,"href":"https:\/\/archive.sana.sy\/tr\/index.php?rest_route=\/wp\/v2\/posts\/58674\/revisions"}],"wp:featuredmedia":[{"embeddable":true,"href":"https:\/\/archive.sana.sy\/tr\/index.php?rest_route=\/wp\/v2\/media\/58675"}],"wp:attachment":[{"href":"https:\/\/archive.sana.sy\/tr\/index.php?rest_route=%2Fwp%2Fv2%2Fmedia&parent=58674"}],"wp:term":[{"taxonomy":"category","embeddable":true,"href":"https:\/\/archive.sana.sy\/tr\/index.php?rest_route=%2Fwp%2Fv2%2Fcategories&post=58674"},{"taxonomy":"post_tag","embeddable":true,"href":"https:\/\/archive.sana.sy\/tr\/index.php?rest_route=%2Fwp%2Fv2%2Ftags&post=58674"}],"curies":[{"name":"wp","href":"https:\/\/api.w.org\/{rel}","templated":true}]}}