{"id":58677,"date":"2016-01-22T17:30:43","date_gmt":"2016-01-22T15:30:43","guid":{"rendered":"http:\/\/www.sana.sy\/tr\/?p=58677"},"modified":"2016-01-23T16:09:59","modified_gmt":"2016-01-23T14:09:59","slug":"suudi-arabistan-cenevre-gorusmelerini-engelliyor","status":"publish","type":"post","link":"https:\/\/archive.sana.sy\/tr\/?p=58677","title":{"rendered":"Suudi Arabistan Cenevre G\u00f6r\u00fc\u015fmelerini Engelliyor"},"content":{"rendered":"<p>WASH\u0130NGTON \u2013 BM Suriye \u00f6zel temsilcisi Staffan de Mistura Suudi Arabistan rejiminin Suriye&#8217;deki krize siyasi \u00e7\u00f6z\u00fcm bulma y\u00f6n\u00fcndeki \u00e7abalar\u0131 engelleyen tutumlar\u0131n\u0131 ele\u015ftirdi.<\/p>\n<p>De Mistura BM G\u00fcvenlik Konseyine takdim etti\u011fi gizli raporda Suudi rejiminin, kendisinin Cenevre&#8217;de Suriye h\u00fck\u00fcmeti ile diyaloga oturacak geni\u015f bir muhalefet temsilcileri heyeti te\u015fkil etme \u00e7abalar\u0131n\u0131 engelledi\u011fini belirtti. Suudi rejiminin Cenevre g\u00f6r\u00fc\u015fmelerine kat\u0131lacak muhalefet temsilcilerinin belirlenmesini g\u00fc\u00e7le kontrol\u00fcnde tutmaya \u00e7al\u0131\u015ft\u0131\u011f\u0131n\u0131 ifade eden de Mistura, bu rejimin te\u015fkil etti\u011fi koalisyonun kendini tek temsilci heyet olarak dayatma ve rol\u00fcn\u00fc ibraz etmeye \u00e7al\u0131\u015ft\u0131\u011f\u0131n\u0131 s\u00f6yledi. De Mistura ilgili taraflar\u0131n sadece g\u00f6r\u00fc\u015fmelerin mahiyetine de\u011fil, BM\u2019nin muhalefet listesinin haz\u0131rlanmas\u0131ndaki inisiyatifinden de ku\u015fku duyduklar\u0131na dikkat \u00e7ekerken, bunun da daha \u00e7ok endi\u015fe verici bir durum oldu\u011funu ifade etti.<\/p>\n","protected":false},"excerpt":{"rendered":"<p>WASH\u0130NGTON \u2013 BM Suriye \u00f6zel temsilcisi Staffan de Mistura Suudi Arabistan rejiminin Suriye&#8217;deki krize siyasi \u00e7\u00f6z\u00fcm bulma y\u00f6n\u00fcndeki \u00e7abalar\u0131 engelleyen tutumlar\u0131n\u0131 ele\u015ftirdi. De Mistura BM G\u00fcvenlik Konseyine takdim etti\u011fi gizli raporda Suudi rejiminin, kendisinin Cenevre&#8217;de Suriye h\u00fck\u00fcmeti ile diyaloga oturacak geni\u015f bir muhalefet temsilcileri heyeti te\u015fkil etme \u00e7abalar\u0131n\u0131 engelledi\u011fini belirtti. Suudi rejiminin Cenevre g\u00f6r\u00fc\u015fmelerine kat\u0131lacak &hellip;<\/p>\n","protected":false},"author":1,"featured_media":58678,"comment_status":"closed","ping_status":"closed","sticky":false,"template":"","format":"standard","meta":{"footnotes":""},"categories":[458,459,17988],"tags":[18740],"class_list":["post-58677","post","type-post","status-publish","format-standard","has-post-thumbnail","","category-dunya1","category-haberler-arap-uluslararasi-politika","category-son-haberler","tag-suudi-arabistan-cenevre-gorusmelerini-engelliyor"],"_links":{"self":[{"href":"https:\/\/archive.sana.sy\/tr\/index.php?rest_route=\/wp\/v2\/posts\/58677","targetHints":{"allow":["GET"]}}],"collection":[{"href":"https:\/\/archive.sana.sy\/tr\/index.php?rest_route=\/wp\/v2\/posts"}],"about":[{"href":"https:\/\/archive.sana.sy\/tr\/index.php?rest_route=\/wp\/v2\/types\/post"}],"author":[{"embeddable":true,"href":"https:\/\/archive.sana.sy\/tr\/index.php?rest_route=\/wp\/v2\/users\/1"}],"replies":[{"embeddable":true,"href":"https:\/\/archive.sana.sy\/tr\/index.php?rest_route=%2Fwp%2Fv2%2Fcomments&post=58677"}],"version-history":[{"count":0,"href":"https:\/\/archive.sana.sy\/tr\/index.php?rest_route=\/wp\/v2\/posts\/58677\/revisions"}],"wp:featuredmedia":[{"embeddable":true,"href":"https:\/\/archive.sana.sy\/tr\/index.php?rest_route=\/wp\/v2\/media\/58678"}],"wp:attachment":[{"href":"https:\/\/archive.sana.sy\/tr\/index.php?rest_route=%2Fwp%2Fv2%2Fmedia&parent=58677"}],"wp:term":[{"taxonomy":"category","embeddable":true,"href":"https:\/\/archive.sana.sy\/tr\/index.php?rest_route=%2Fwp%2Fv2%2Fcategories&post=58677"},{"taxonomy":"post_tag","embeddable":true,"href":"https:\/\/archive.sana.sy\/tr\/index.php?rest_route=%2Fwp%2Fv2%2Ftags&post=58677"}],"curies":[{"name":"wp","href":"https:\/\/api.w.org\/{rel}","templated":true}]}}