{"id":58740,"date":"2016-01-22T18:47:40","date_gmt":"2016-01-22T16:47:40","guid":{"rendered":"http:\/\/www.sana.sy\/tr\/?p=58740"},"modified":"2016-01-22T18:47:40","modified_gmt":"2016-01-22T16:47:40","slug":"aksam-saatlerinde-sanaya-aciklama-yapan-askeri-bir-kaynak-ordu-birliklerimizin-lazkiye-kirsalinda-seraya-camusiye-reyyana-ve-gasmaliye-koylerinin-yani-sira-burcsaliye-ve-merran-daglarini-er","status":"publish","type":"post","link":"https:\/\/archive.sana.sy\/tr\/?p=58740","title":{"rendered":"Ak\u015fam saatlerinde SANA\u2019ya a\u00e7\u0131klama yapan askeri bir kaynak ordu birliklerimizin Lazkiye k\u0131rsal\u0131nda Seraya, Camusiye, Reyyana ve \u011ea\u015fmaliye k\u00f6ylerinin yan\u0131 s\u0131ra Burcsaliye ve Merran da\u011flar\u0131n\u0131 Erdo\u011fan rejimine tabi tekfirci ve hainlerden temizleyip b\u00f6lge ahalisinin can ve mal g\u00fcvenli\u011fini sa\u011flad\u0131klar\u0131n\u0131 belirtti"},"content":{"rendered":"<p>Ak\u015fam saatlerinde SANA\u2019ya a\u00e7\u0131klama yapan askeri bir kaynak ordu birliklerimizin Lazkiye k\u0131rsal\u0131nda Seraya, Camusiye, Reyyana ve \u011ea\u015fmaliye k\u00f6ylerinin yan\u0131 s\u0131ra Burcsaliye ve Merran da\u011flar\u0131n\u0131 Erdo\u011fan rejimine tabi tekfirci ve hainlerden temizleyip b\u00f6lge ahalisinin can ve mal g\u00fcvenli\u011fini sa\u011flad\u0131klar\u0131n\u0131 belirtti<\/p>\n","protected":false},"excerpt":{"rendered":"<p>Ak\u015fam saatlerinde SANA\u2019ya a\u00e7\u0131klama yapan askeri bir kaynak ordu birliklerimizin Lazkiye k\u0131rsal\u0131nda Seraya, Camusiye, Reyyana ve \u011ea\u015fmaliye k\u00f6ylerinin yan\u0131 s\u0131ra Burcsaliye ve Merran da\u011flar\u0131n\u0131 Erdo\u011fan rejimine tabi tekfirci ve hainlerden temizleyip b\u00f6lge ahalisinin can ve mal g\u00fcvenli\u011fini sa\u011flad\u0131klar\u0131n\u0131 belirtti<\/p>\n","protected":false},"author":1,"featured_media":0,"comment_status":"closed","ping_status":"closed","sticky":false,"template":"","format":"standard","meta":{"footnotes":""},"categories":[17991],"tags":[],"class_list":["post-58740","post","type-post","status-publish","format-standard","","category-son-dakika"],"_links":{"self":[{"href":"https:\/\/archive.sana.sy\/tr\/index.php?rest_route=\/wp\/v2\/posts\/58740","targetHints":{"allow":["GET"]}}],"collection":[{"href":"https:\/\/archive.sana.sy\/tr\/index.php?rest_route=\/wp\/v2\/posts"}],"about":[{"href":"https:\/\/archive.sana.sy\/tr\/index.php?rest_route=\/wp\/v2\/types\/post"}],"author":[{"embeddable":true,"href":"https:\/\/archive.sana.sy\/tr\/index.php?rest_route=\/wp\/v2\/users\/1"}],"replies":[{"embeddable":true,"href":"https:\/\/archive.sana.sy\/tr\/index.php?rest_route=%2Fwp%2Fv2%2Fcomments&post=58740"}],"version-history":[{"count":0,"href":"https:\/\/archive.sana.sy\/tr\/index.php?rest_route=\/wp\/v2\/posts\/58740\/revisions"}],"wp:attachment":[{"href":"https:\/\/archive.sana.sy\/tr\/index.php?rest_route=%2Fwp%2Fv2%2Fmedia&parent=58740"}],"wp:term":[{"taxonomy":"category","embeddable":true,"href":"https:\/\/archive.sana.sy\/tr\/index.php?rest_route=%2Fwp%2Fv2%2Fcategories&post=58740"},{"taxonomy":"post_tag","embeddable":true,"href":"https:\/\/archive.sana.sy\/tr\/index.php?rest_route=%2Fwp%2Fv2%2Ftags&post=58740"}],"curies":[{"name":"wp","href":"https:\/\/api.w.org\/{rel}","templated":true}]}}