{"id":58755,"date":"2016-01-23T12:24:39","date_gmt":"2016-01-23T10:24:39","guid":{"rendered":"http:\/\/www.sana.sy\/tr\/?p=58755"},"modified":"2016-01-24T16:00:52","modified_gmt":"2016-01-24T14:00:52","slug":"teroristlere-giden-captagon-yakalandi","status":"publish","type":"post","link":"https:\/\/archive.sana.sy\/tr\/?p=58755","title":{"rendered":"Ter\u00f6ristlere Giden Captagon Yakaland\u0131"},"content":{"rendered":"<p>HOMS \u2013 G\u00fcvenlik birimleri Homs k\u0131rsal\u0131n\u0131n g\u00fcneyinde tekfirci ve hain ter\u00f6ristlere g\u00f6t\u00fcr\u00fclen 4 bin adet captagon ele ge\u00e7irdi.<\/p>\n<p>SANA\u2019n\u0131n Homs muhabiri ele ge\u00e7irilen uyu\u015fturucu tabletlerin, ter\u00f6ristlerin bulunduklar\u0131 b\u00f6lgeler istikametinde seyir eden bir arac\u0131n zulalar\u0131nda sakl\u0131 olarak ele ge\u00e7irildi\u011fini aktard\u0131.<\/p>\n<p>Bu arada din, insan haklar\u0131, \u00f6zg\u00fcrl\u00fck ve benzeri de\u011ferlerin arkas\u0131nda saklanan tekfirci ve hain ter\u00f6ristlerin yo\u011fun bir \u015fekilde muhtelif t\u00fcr uyu\u015fturucu kulland\u0131klar\u0131 biliniyor.<\/p>\n","protected":false},"excerpt":{"rendered":"<p>HOMS \u2013 G\u00fcvenlik birimleri Homs k\u0131rsal\u0131n\u0131n g\u00fcneyinde tekfirci ve hain ter\u00f6ristlere g\u00f6t\u00fcr\u00fclen 4 bin adet captagon ele ge\u00e7irdi. SANA\u2019n\u0131n Homs muhabiri ele ge\u00e7irilen uyu\u015fturucu tabletlerin, ter\u00f6ristlerin bulunduklar\u0131 b\u00f6lgeler istikametinde seyir eden bir arac\u0131n zulalar\u0131nda sakl\u0131 olarak ele ge\u00e7irildi\u011fini aktard\u0131. Bu arada din, insan haklar\u0131, \u00f6zg\u00fcrl\u00fck ve benzeri de\u011ferlerin arkas\u0131nda saklanan tekfirci ve hain ter\u00f6ristlerin yo\u011fun &hellip;<\/p>\n","protected":false},"author":1,"featured_media":58756,"comment_status":"closed","ping_status":"closed","sticky":false,"template":"","format":"standard","meta":{"footnotes":""},"categories":[485,486,575,17988],"tags":[18749,18237,18499,17320,18689],"class_list":["post-58755","post","type-post","status-publish","format-standard","has-post-thumbnail","","category-is-ve-sermaye","category-haberler-is-ve-sermaye","category-olaylar-ve-gercekler","category-son-haberler","tag-captagon","tag-cihatcilar","tag-suriye-muhalefeti","tag-tekfirciler","tag-uyusturucu"],"_links":{"self":[{"href":"https:\/\/archive.sana.sy\/tr\/index.php?rest_route=\/wp\/v2\/posts\/58755","targetHints":{"allow":["GET"]}}],"collection":[{"href":"https:\/\/archive.sana.sy\/tr\/index.php?rest_route=\/wp\/v2\/posts"}],"about":[{"href":"https:\/\/archive.sana.sy\/tr\/index.php?rest_route=\/wp\/v2\/types\/post"}],"author":[{"embeddable":true,"href":"https:\/\/archive.sana.sy\/tr\/index.php?rest_route=\/wp\/v2\/users\/1"}],"replies":[{"embeddable":true,"href":"https:\/\/archive.sana.sy\/tr\/index.php?rest_route=%2Fwp%2Fv2%2Fcomments&post=58755"}],"version-history":[{"count":0,"href":"https:\/\/archive.sana.sy\/tr\/index.php?rest_route=\/wp\/v2\/posts\/58755\/revisions"}],"wp:featuredmedia":[{"embeddable":true,"href":"https:\/\/archive.sana.sy\/tr\/index.php?rest_route=\/wp\/v2\/media\/58756"}],"wp:attachment":[{"href":"https:\/\/archive.sana.sy\/tr\/index.php?rest_route=%2Fwp%2Fv2%2Fmedia&parent=58755"}],"wp:term":[{"taxonomy":"category","embeddable":true,"href":"https:\/\/archive.sana.sy\/tr\/index.php?rest_route=%2Fwp%2Fv2%2Fcategories&post=58755"},{"taxonomy":"post_tag","embeddable":true,"href":"https:\/\/archive.sana.sy\/tr\/index.php?rest_route=%2Fwp%2Fv2%2Ftags&post=58755"}],"curies":[{"name":"wp","href":"https:\/\/api.w.org\/{rel}","templated":true}]}}