{"id":58762,"date":"2016-01-23T12:43:09","date_gmt":"2016-01-23T10:43:09","guid":{"rendered":"http:\/\/www.sana.sy\/tr\/?p=58762"},"modified":"2016-01-23T12:43:09","modified_gmt":"2016-01-23T10:43:09","slug":"abd-disisleri-bakani-john-kerry-suriye-hukumeti-ile-muhalefet-temsilcileri-arasinda-cenevrede-yapilmasi-beklenen-gorusmeler-icin-su-ana-dek-kesin-tarih-ilan-edilmedigini-ifa","status":"publish","type":"post","link":"https:\/\/archive.sana.sy\/tr\/?p=58762","title":{"rendered":"ABD D\u0131\u015fi\u015fleri bakan\u0131 John Kerry Suriye h\u00fck\u00fcmeti ile \u2018muhalefet temsilcileri\u2019 aras\u0131nda Cenevre\u2019de yap\u0131lmas\u0131 beklenen g\u00f6r\u00fc\u015fmeler i\u00e7in \u015fu ana dek kesin tarih ilan edilmedi\u011fini ifade ederken, bu g\u00f6r\u00fc\u015fmelerin ard\u0131ndan Suriye&#8217;ye Destek Grubu devletlerinin bir araya gelece\u011fini s\u00f6yledi"},"content":{"rendered":"<p>ABD D\u0131\u015fi\u015fleri bakan\u0131 John Kerry Suriye h\u00fck\u00fcmeti ile \u2018muhalefet temsilcileri\u2019 aras\u0131nda Cenevre\u2019de yap\u0131lmas\u0131 beklenen g\u00f6r\u00fc\u015fmeler i\u00e7in \u015fu ana dek kesin tarih ilan edilmedi\u011fini ifade ederken, bu g\u00f6r\u00fc\u015fmelerin ard\u0131ndan Suriye&#8217;ye Destek Grubu devletlerinin bir araya gelece\u011fini s\u00f6yledi<\/p>\n","protected":false},"excerpt":{"rendered":"<p>ABD D\u0131\u015fi\u015fleri bakan\u0131 John Kerry Suriye h\u00fck\u00fcmeti ile \u2018muhalefet temsilcileri\u2019 aras\u0131nda Cenevre\u2019de yap\u0131lmas\u0131 beklenen g\u00f6r\u00fc\u015fmeler i\u00e7in \u015fu ana dek kesin tarih ilan edilmedi\u011fini ifade ederken, bu g\u00f6r\u00fc\u015fmelerin ard\u0131ndan Suriye&#8217;ye Destek Grubu devletlerinin bir araya gelece\u011fini s\u00f6yledi<\/p>\n","protected":false},"author":1,"featured_media":0,"comment_status":"closed","ping_status":"closed","sticky":false,"template":"","format":"standard","meta":{"footnotes":""},"categories":[17991],"tags":[],"class_list":["post-58762","post","type-post","status-publish","format-standard","","category-son-dakika"],"_links":{"self":[{"href":"https:\/\/archive.sana.sy\/tr\/index.php?rest_route=\/wp\/v2\/posts\/58762","targetHints":{"allow":["GET"]}}],"collection":[{"href":"https:\/\/archive.sana.sy\/tr\/index.php?rest_route=\/wp\/v2\/posts"}],"about":[{"href":"https:\/\/archive.sana.sy\/tr\/index.php?rest_route=\/wp\/v2\/types\/post"}],"author":[{"embeddable":true,"href":"https:\/\/archive.sana.sy\/tr\/index.php?rest_route=\/wp\/v2\/users\/1"}],"replies":[{"embeddable":true,"href":"https:\/\/archive.sana.sy\/tr\/index.php?rest_route=%2Fwp%2Fv2%2Fcomments&post=58762"}],"version-history":[{"count":0,"href":"https:\/\/archive.sana.sy\/tr\/index.php?rest_route=\/wp\/v2\/posts\/58762\/revisions"}],"wp:attachment":[{"href":"https:\/\/archive.sana.sy\/tr\/index.php?rest_route=%2Fwp%2Fv2%2Fmedia&parent=58762"}],"wp:term":[{"taxonomy":"category","embeddable":true,"href":"https:\/\/archive.sana.sy\/tr\/index.php?rest_route=%2Fwp%2Fv2%2Fcategories&post=58762"},{"taxonomy":"post_tag","embeddable":true,"href":"https:\/\/archive.sana.sy\/tr\/index.php?rest_route=%2Fwp%2Fv2%2Ftags&post=58762"}],"curies":[{"name":"wp","href":"https:\/\/api.w.org\/{rel}","templated":true}]}}