{"id":58789,"date":"2016-01-23T10:40:40","date_gmt":"2016-01-23T08:40:40","guid":{"rendered":"http:\/\/www.sana.sy\/tr\/?p=58789"},"modified":"2016-01-23T13:43:37","modified_gmt":"2016-01-23T11:43:37","slug":"basarisizligin-bir-itirafiyla-sorumlulugu-ortaklarina-yukledi","status":"publish","type":"post","link":"https:\/\/archive.sana.sy\/tr\/?p=58789","title":{"rendered":"Ba\u015far\u0131s\u0131zl\u0131\u011f\u0131n Bir \u0130tiraf\u0131yla Sorumlulu\u011fu Ortaklar\u0131na Y\u00fckledi"},"content":{"rendered":"<p>DAVOS \u2013 ABD Savunma Bakan\u0131 Ashton Carter \u00fclkesinin komutas\u0131nda te\u015fkil edilen ve I\u015e\u0130D\u2019e kar\u015f\u0131 sava\u015ft\u0131\u011f\u0131 iddia edilen uluslar aras\u0131 koalisyonun ciddiyetsizli\u011fi ve etkisizli\u011finin bir itiraf\u0131 olarak bu koalisyonun ba\u015far\u0131s\u0131zl\u0131\u011f\u0131ndan koalisyonda bulunan ortaklar\u0131n\u0131n sorumlu oldu\u011funu \u00f6ne s\u00fcrd\u00fc.<\/p>\n<p>\u0130svi\u00e7re\u2019nin Davos Kentinde d\u00fczenlenmekte olan D\u00fcnya Ekonomik Forumu \u00e7er\u00e7evesinde CNBC Kanal\u0131na yapt\u0131\u011f\u0131 a\u00e7\u0131klamada Carter; \u201ckoalisyonda bulunan bir\u00e7ok devlet I\u015e\u0130D\u2019e kar\u015f\u0131 sava\u015fta \u00fcstlerine d\u00fc\u015feni ve gerekeni yapmamaktalar. Hatta bir k\u0131sm\u0131 hi\u00e7bir \u015fey yapm\u0131yor.\u201d \u0130fadesini kulland\u0131.<\/p>\n<p>Suudi Arabistan ve Arap k\u00f6rfez \u00fclkelerindeki di\u011fer rejimleri I\u015e\u0130D\u2019e kar\u015f\u0131 sava\u015fta \u00fcstlerine d\u00fc\u015feni yapmalar\u0131na \u00e7a\u011f\u0131ran Carter; T\u00fcrkiye&#8217;de ihvanc\u0131 Erdo\u011fan rejiminden de ter\u00f6ristlerin ge\u00e7i\u015fini \u00f6nlemek i\u00e7in Suriye ile s\u0131n\u0131rlar\u0131n\u0131 kontrole almas\u0131n\u0131 istedi.<\/p>\n","protected":false},"excerpt":{"rendered":"<p>DAVOS \u2013 ABD Savunma Bakan\u0131 Ashton Carter \u00fclkesinin komutas\u0131nda te\u015fkil edilen ve I\u015e\u0130D\u2019e kar\u015f\u0131 sava\u015ft\u0131\u011f\u0131 iddia edilen uluslar aras\u0131 koalisyonun ciddiyetsizli\u011fi ve etkisizli\u011finin bir itiraf\u0131 olarak bu koalisyonun ba\u015far\u0131s\u0131zl\u0131\u011f\u0131ndan koalisyonda bulunan ortaklar\u0131n\u0131n sorumlu oldu\u011funu \u00f6ne s\u00fcrd\u00fc. \u0130svi\u00e7re\u2019nin Davos Kentinde d\u00fczenlenmekte olan D\u00fcnya Ekonomik Forumu \u00e7er\u00e7evesinde CNBC Kanal\u0131na yapt\u0131\u011f\u0131 a\u00e7\u0131klamada Carter; \u201ckoalisyonda bulunan bir\u00e7ok devlet I\u015e\u0130D\u2019e &hellip;<\/p>\n","protected":false},"author":1,"featured_media":58790,"comment_status":"closed","ping_status":"closed","sticky":false,"template":"","format":"standard","meta":{"footnotes":""},"categories":[458,459,17988],"tags":[16409,18364,18237,18066,18674,18765,17320,2930],"class_list":["post-58789","post","type-post","status-publish","format-standard","has-post-thumbnail","","category-dunya1","category-haberler-arap-uluslararasi-politika","category-son-haberler","tag-abd-savunma-bakani-ashton-carter","tag-cihat","tag-cihatcilar","tag-erdogan-rejimi","tag-silahli-muhalifler","tag-suriye-turkiye-sinirlari","tag-tekfirciler","tag-teroristler"],"_links":{"self":[{"href":"https:\/\/archive.sana.sy\/tr\/index.php?rest_route=\/wp\/v2\/posts\/58789","targetHints":{"allow":["GET"]}}],"collection":[{"href":"https:\/\/archive.sana.sy\/tr\/index.php?rest_route=\/wp\/v2\/posts"}],"about":[{"href":"https:\/\/archive.sana.sy\/tr\/index.php?rest_route=\/wp\/v2\/types\/post"}],"author":[{"embeddable":true,"href":"https:\/\/archive.sana.sy\/tr\/index.php?rest_route=\/wp\/v2\/users\/1"}],"replies":[{"embeddable":true,"href":"https:\/\/archive.sana.sy\/tr\/index.php?rest_route=%2Fwp%2Fv2%2Fcomments&post=58789"}],"version-history":[{"count":0,"href":"https:\/\/archive.sana.sy\/tr\/index.php?rest_route=\/wp\/v2\/posts\/58789\/revisions"}],"wp:featuredmedia":[{"embeddable":true,"href":"https:\/\/archive.sana.sy\/tr\/index.php?rest_route=\/wp\/v2\/media\/58790"}],"wp:attachment":[{"href":"https:\/\/archive.sana.sy\/tr\/index.php?rest_route=%2Fwp%2Fv2%2Fmedia&parent=58789"}],"wp:term":[{"taxonomy":"category","embeddable":true,"href":"https:\/\/archive.sana.sy\/tr\/index.php?rest_route=%2Fwp%2Fv2%2Fcategories&post=58789"},{"taxonomy":"post_tag","embeddable":true,"href":"https:\/\/archive.sana.sy\/tr\/index.php?rest_route=%2Fwp%2Fv2%2Ftags&post=58789"}],"curies":[{"name":"wp","href":"https:\/\/api.w.org\/{rel}","templated":true}]}}