{"id":58809,"date":"2016-01-23T15:20:07","date_gmt":"2016-01-23T13:20:07","guid":{"rendered":"http:\/\/www.sana.sy\/tr\/?p=58809"},"modified":"2016-01-23T15:20:07","modified_gmt":"2016-01-23T13:20:07","slug":"sanaya-aciklama-yapan-askeri-kaynak-derada-israil-destekli-tekfircilere-yonelik-operasyonlari-kapsaminda-ordu-birliklerimizin-seyh-meskin-kentinin-kuzeyi-dogusu-ve-guneyinde-bircok","status":"publish","type":"post","link":"https:\/\/archive.sana.sy\/tr\/?p=58809","title":{"rendered":"SANA\u2019ya a\u00e7\u0131klama yapan askeri kaynak Dera\u2019da \u0130srail destekli tekfircilere y\u00f6nelik operasyonlar\u0131 kapsam\u0131nda ordu birliklerimizin \u015eeyh Meskin Kentinin kuzeyi, do\u011fusu ve g\u00fcneyinde bir\u00e7ok cadde ve devlet binas\u0131n\u0131 ter\u00f6ristlerden temizleyerek kontrollerine ald\u0131klar\u0131n\u0131 aktard\u0131"},"content":{"rendered":"<p>SANA\u2019ya a\u00e7\u0131klama yapan askeri kaynak Dera\u2019da \u0130srail destekli tekfircilere y\u00f6nelik operasyonlar\u0131 kapsam\u0131nda ordu birliklerimizin \u015eeyh Meskin Kentinin kuzeyi, do\u011fusu ve g\u00fcneyinde bir\u00e7ok cadde ve devlet binas\u0131n\u0131 ter\u00f6ristlerden temizleyerek kontrollerine ald\u0131klar\u0131n\u0131 aktard\u0131<\/p>\n","protected":false},"excerpt":{"rendered":"<p>SANA\u2019ya a\u00e7\u0131klama yapan askeri kaynak Dera\u2019da \u0130srail destekli tekfircilere y\u00f6nelik operasyonlar\u0131 kapsam\u0131nda ordu birliklerimizin \u015eeyh Meskin Kentinin kuzeyi, do\u011fusu ve g\u00fcneyinde bir\u00e7ok cadde ve devlet binas\u0131n\u0131 ter\u00f6ristlerden temizleyerek kontrollerine ald\u0131klar\u0131n\u0131 aktard\u0131<\/p>\n","protected":false},"author":1,"featured_media":0,"comment_status":"closed","ping_status":"closed","sticky":false,"template":"","format":"standard","meta":{"footnotes":""},"categories":[17991],"tags":[],"class_list":["post-58809","post","type-post","status-publish","format-standard","","category-son-dakika"],"_links":{"self":[{"href":"https:\/\/archive.sana.sy\/tr\/index.php?rest_route=\/wp\/v2\/posts\/58809","targetHints":{"allow":["GET"]}}],"collection":[{"href":"https:\/\/archive.sana.sy\/tr\/index.php?rest_route=\/wp\/v2\/posts"}],"about":[{"href":"https:\/\/archive.sana.sy\/tr\/index.php?rest_route=\/wp\/v2\/types\/post"}],"author":[{"embeddable":true,"href":"https:\/\/archive.sana.sy\/tr\/index.php?rest_route=\/wp\/v2\/users\/1"}],"replies":[{"embeddable":true,"href":"https:\/\/archive.sana.sy\/tr\/index.php?rest_route=%2Fwp%2Fv2%2Fcomments&post=58809"}],"version-history":[{"count":0,"href":"https:\/\/archive.sana.sy\/tr\/index.php?rest_route=\/wp\/v2\/posts\/58809\/revisions"}],"wp:attachment":[{"href":"https:\/\/archive.sana.sy\/tr\/index.php?rest_route=%2Fwp%2Fv2%2Fmedia&parent=58809"}],"wp:term":[{"taxonomy":"category","embeddable":true,"href":"https:\/\/archive.sana.sy\/tr\/index.php?rest_route=%2Fwp%2Fv2%2Fcategories&post=58809"},{"taxonomy":"post_tag","embeddable":true,"href":"https:\/\/archive.sana.sy\/tr\/index.php?rest_route=%2Fwp%2Fv2%2Ftags&post=58809"}],"curies":[{"name":"wp","href":"https:\/\/api.w.org\/{rel}","templated":true}]}}