{"id":58831,"date":"2016-01-23T19:09:13","date_gmt":"2016-01-23T17:09:13","guid":{"rendered":"http:\/\/www.sana.sy\/tr\/?p=58831"},"modified":"2016-01-23T19:09:13","modified_gmt":"2016-01-23T17:09:13","slug":"aksam-saatlerinde-aciklama-yapan-askeri-bir-kaynak-hava-guclerimizin-homs-kirsali-teyrmaale-ve-karyeteyn-bolgelerinde-nusra-cephesi-ve-isid-cetelerin-toplanma-yerleri-ve-araclarini-tamamen-imha-ettik","status":"publish","type":"post","link":"https:\/\/archive.sana.sy\/tr\/?p=58831","title":{"rendered":"Ak\u015fam saatlerinde a\u00e7\u0131klama yapan askeri bir kaynak; hava g\u00fc\u00e7lerimizin Homs k\u0131rsal\u0131 Teyrmaale ve Karyeteyn b\u00f6lgelerinde Nusra Cephesi ve I\u015e\u0130D \u00e7etelerin toplanma yerleri ve ara\u00e7lar\u0131n\u0131 tamamen imha ettiklerini belirtti"},"content":{"rendered":"<p>Ak\u015fam saatlerinde a\u00e7\u0131klama yapan askeri bir kaynak; hava g\u00fc\u00e7lerimizin Homs k\u0131rsal\u0131 Teyrmaale ve Karyeteyn b\u00f6lgelerinde Nusra Cephesi ve I\u015e\u0130D \u00e7etelerin toplanma yerleri ve ara\u00e7lar\u0131n\u0131 tamamen imha ettiklerini belirtti.<\/p>\n","protected":false},"excerpt":{"rendered":"<p>Ak\u015fam saatlerinde a\u00e7\u0131klama yapan askeri bir kaynak; hava g\u00fc\u00e7lerimizin Homs k\u0131rsal\u0131 Teyrmaale ve Karyeteyn b\u00f6lgelerinde Nusra Cephesi ve I\u015e\u0130D \u00e7etelerin toplanma yerleri ve ara\u00e7lar\u0131n\u0131 tamamen imha ettiklerini belirtti.<\/p>\n","protected":false},"author":1,"featured_media":0,"comment_status":"closed","ping_status":"closed","sticky":false,"template":"","format":"standard","meta":{"footnotes":""},"categories":[17991],"tags":[],"class_list":["post-58831","post","type-post","status-publish","format-standard","","category-son-dakika"],"_links":{"self":[{"href":"https:\/\/archive.sana.sy\/tr\/index.php?rest_route=\/wp\/v2\/posts\/58831","targetHints":{"allow":["GET"]}}],"collection":[{"href":"https:\/\/archive.sana.sy\/tr\/index.php?rest_route=\/wp\/v2\/posts"}],"about":[{"href":"https:\/\/archive.sana.sy\/tr\/index.php?rest_route=\/wp\/v2\/types\/post"}],"author":[{"embeddable":true,"href":"https:\/\/archive.sana.sy\/tr\/index.php?rest_route=\/wp\/v2\/users\/1"}],"replies":[{"embeddable":true,"href":"https:\/\/archive.sana.sy\/tr\/index.php?rest_route=%2Fwp%2Fv2%2Fcomments&post=58831"}],"version-history":[{"count":0,"href":"https:\/\/archive.sana.sy\/tr\/index.php?rest_route=\/wp\/v2\/posts\/58831\/revisions"}],"wp:attachment":[{"href":"https:\/\/archive.sana.sy\/tr\/index.php?rest_route=%2Fwp%2Fv2%2Fmedia&parent=58831"}],"wp:term":[{"taxonomy":"category","embeddable":true,"href":"https:\/\/archive.sana.sy\/tr\/index.php?rest_route=%2Fwp%2Fv2%2Fcategories&post=58831"},{"taxonomy":"post_tag","embeddable":true,"href":"https:\/\/archive.sana.sy\/tr\/index.php?rest_route=%2Fwp%2Fv2%2Ftags&post=58831"}],"curies":[{"name":"wp","href":"https:\/\/api.w.org\/{rel}","templated":true}]}}