{"id":5896,"date":"2014-07-26T14:08:32","date_gmt":"2014-07-26T11:08:32","guid":{"rendered":"http:\/\/www.sana.sy\/tr\/?p=5896"},"modified":"2014-07-26T14:08:32","modified_gmt":"2014-07-26T11:08:32","slug":"olum-ve-siddette-her-turlu-yonteme-basvurmalarini-talep-etmis","status":"publish","type":"post","link":"https:\/\/archive.sana.sy\/tr\/?p=5896","title":{"rendered":"\u00d6l\u00fcm ve \u015eiddette Her T\u00fcrl\u00fc Y\u00f6nteme Ba\u015fvurmalar\u0131n\u0131 Talep Etmi\u015f"},"content":{"rendered":"<p>BA\u011eDAT \u2013 Irakl\u0131 g\u00fcvenlik g\u00fc\u00e7leri bug\u00fcn silahl\u0131 me\u00e7hul ki\u015filerin d\u00fcn gece ge\u00e7 saatlerde askeri kimli\u011fe b\u00fcr\u00fcnerek Ba\u011fdat \u0130l Meclisi Ba\u015fkan\u0131 Riyad el Addad\u2019\u0131n evine bask\u0131n d\u00fczenleyerek Addad ve 8 korumas\u0131n\u0131 ka\u00e7\u0131rd\u0131klar\u0131n\u0131 a\u00e7\u0131klad\u0131.<\/p>\n<p>Irak ordusu \u2018Irak ve \u015eam \u0130slami Devleti\u2019 adl\u0131 ter\u00f6r olu\u015fumuna y\u00f6nelik operasyonlar\u0131 n\u0131 s\u00fcrd\u00fcr\u00fcrken; Tekrit\u2019in kuzeyine d\u00fc\u015fen Heycel B\u00f6lgesi ve el Buuceyl B\u00f6lgesinde ter\u00f6r yuvalar\u0131n\u0131 sava\u015f u\u00e7aklar\u0131yla hedef alarak \u00e7ok say\u0131da ter\u00f6risti \u00f6l\u00fc yaral\u0131 d\u00fc\u015f\u00fcrd\u00fc.<br \/>\nIrak Enformasyon \u015eebekesi askeri kaynaklardan naklen; Selahattin iline tabi Dalluiye Nahiyesinde yap\u0131lan operasyonlarda s\u00f6z konusu ter\u00f6r olu\u015fumuna ait cephane y\u00fckl\u00fc 7 arac\u0131n imha edildi\u011fini ve 25 ter\u00f6ristin de \u00f6ld\u00fcr\u00fcld\u00fc\u011f\u00fcn\u00fc aktard\u0131.<\/p>\n<p>Selahattin \u0130l Meclisinde g\u00fcvenlik komitesi \u00fcyesi Halit el Cassam; el \u015eerkat A\u015firetlerinin, b\u00f6lgenin ter\u00f6r \u00e7etelerinden ar\u0131nd\u0131r\u0131lmas\u0131 i\u00e7in orduyla koordinasyon i\u00e7inde eylemlerde bulunacak g\u00fc\u00e7leri olu\u015fturma \u00e7al\u0131\u015fmalar\u0131n\u0131 tamamlad\u0131klar\u0131n\u0131 a\u00e7\u0131klad\u0131.<\/p>\n<p>\u00d6te yandan Irak g\u00fcvelik g\u00fc\u00e7leri Sahvat el Enbar g\u00fc\u00e7leriyle i\u015fbirli\u011fi i\u00e7inde ger\u00e7ekle\u015ftirdi\u011fi operasyonlarda; kimi b\u00f6lge devletlerinin Irak\u2019\u0131n muhtelif illerinde ter\u00f6r, kaos, fitne ve \u015fiddete provokasyonlar\u0131n\u0131n yan\u0131 s\u0131ra \u2018Irak ve \u015eam \u0130slami Devleti\u2019 ter\u00f6ristlerine muhtelif t\u00fcr deste\u011fini kan\u0131tlayan belgeler ele ge\u00e7irdiklerini ilan etti.<\/p>\n<p>Felluca Kentinin do\u011fusuna d\u00fc\u015fen Kerma \u0130l\u00e7esinde Sahva Komutan\u0131 Mahmut el Murzi; \u2018Irak ve \u015eam \u0130slami Devleti\u2019 ter\u00f6ristlerinin karargah olarak kulland\u0131klar\u0131 bir eve yap\u0131lan operasyonda kom\u015fu bir devlet ile s\u00f6z konusu ter\u00f6r \u00e7eteleri aras\u0131ndaki ba\u011flant\u0131lar\u0131n ayr\u0131nt\u0131lar\u0131na \u0131\u015f\u0131k tutan olduk\u00e7a \u00f6nemli belgeler ele ge\u00e7irdiklerini belirtti.<\/p>\n<p>Murzi belgelerde iki taraf aras\u0131ndaki koordinasyon ve ba\u011flant\u0131lar\u0131n net bir \u015fekilde g\u00f6r\u00fcld\u00fc\u011f\u00fcne i\u015faret ederken, bu devletin ter\u00f6r \u00e7etelerinden Irak\u2019\u0131n muhtelif b\u00f6lgelerinde \u00f6ld\u00fcrme, ka\u00e7\u0131rma ve \u015fiddette her t\u00fcrl\u00fc y\u00f6nteme ba\u015fvurmalar\u0131n\u0131 talep etti\u011fine dikkat \u00e7ekti.<\/p>\n","protected":false},"excerpt":{"rendered":"<p>BA\u011eDAT \u2013 Irakl\u0131 g\u00fcvenlik g\u00fc\u00e7leri bug\u00fcn silahl\u0131 me\u00e7hul ki\u015filerin d\u00fcn gece ge\u00e7 saatlerde askeri kimli\u011fe b\u00fcr\u00fcnerek Ba\u011fdat \u0130l Meclisi Ba\u015fkan\u0131 Riyad el Addad\u2019\u0131n evine bask\u0131n d\u00fczenleyerek Addad ve 8 korumas\u0131n\u0131 ka\u00e7\u0131rd\u0131klar\u0131n\u0131 a\u00e7\u0131klad\u0131. Irak ordusu \u2018Irak ve \u015eam \u0130slami Devleti\u2019 adl\u0131 ter\u00f6r olu\u015fumuna y\u00f6nelik operasyonlar\u0131 n\u0131 s\u00fcrd\u00fcr\u00fcrken; Tekrit\u2019in kuzeyine d\u00fc\u015fen Heycel B\u00f6lgesi ve el Buuceyl B\u00f6lgesinde &hellip;<\/p>\n","protected":false},"author":1,"featured_media":5897,"comment_status":"closed","ping_status":"closed","sticky":false,"template":"","format":"standard","meta":{"footnotes":""},"categories":[458,459,447],"tags":[1297],"class_list":["post-5896","post","type-post","status-publish","format-standard","has-post-thumbnail","","category-dunya1","category-haberler-arap-uluslararasi-politika","category-politika","tag-olum-ve-siddette-her-turlu-yonteme-basvurmalarini-talep-etmis"],"_links":{"self":[{"href":"https:\/\/archive.sana.sy\/tr\/index.php?rest_route=\/wp\/v2\/posts\/5896","targetHints":{"allow":["GET"]}}],"collection":[{"href":"https:\/\/archive.sana.sy\/tr\/index.php?rest_route=\/wp\/v2\/posts"}],"about":[{"href":"https:\/\/archive.sana.sy\/tr\/index.php?rest_route=\/wp\/v2\/types\/post"}],"author":[{"embeddable":true,"href":"https:\/\/archive.sana.sy\/tr\/index.php?rest_route=\/wp\/v2\/users\/1"}],"replies":[{"embeddable":true,"href":"https:\/\/archive.sana.sy\/tr\/index.php?rest_route=%2Fwp%2Fv2%2Fcomments&post=5896"}],"version-history":[{"count":0,"href":"https:\/\/archive.sana.sy\/tr\/index.php?rest_route=\/wp\/v2\/posts\/5896\/revisions"}],"wp:featuredmedia":[{"embeddable":true,"href":"https:\/\/archive.sana.sy\/tr\/index.php?rest_route=\/wp\/v2\/media\/5897"}],"wp:attachment":[{"href":"https:\/\/archive.sana.sy\/tr\/index.php?rest_route=%2Fwp%2Fv2%2Fmedia&parent=5896"}],"wp:term":[{"taxonomy":"category","embeddable":true,"href":"https:\/\/archive.sana.sy\/tr\/index.php?rest_route=%2Fwp%2Fv2%2Fcategories&post=5896"},{"taxonomy":"post_tag","embeddable":true,"href":"https:\/\/archive.sana.sy\/tr\/index.php?rest_route=%2Fwp%2Fv2%2Ftags&post=5896"}],"curies":[{"name":"wp","href":"https:\/\/api.w.org\/{rel}","templated":true}]}}