{"id":58970,"date":"2016-01-25T12:12:56","date_gmt":"2016-01-25T10:12:56","guid":{"rendered":"http:\/\/www.sana.sy\/tr\/?p=58970"},"modified":"2016-01-25T12:17:32","modified_gmt":"2016-01-25T10:17:32","slug":"tehdidi-ciddiye-aliyoruz","status":"publish","type":"post","link":"https:\/\/archive.sana.sy\/tr\/?p=58970","title":{"rendered":"Tehdidi Ciddiye Al\u0131yoruz"},"content":{"rendered":"<p>KUALA LUMPUR \u2013 Malezya Ba\u015fbakan\u0131 Necip Abd\u00fcrrezzak; I\u015e\u0130D ter\u00f6r \u00f6rg\u00fct\u00fcn\u00fcn \u00fclkesi a\u00e7\u0131s\u0131ndan olduk\u00e7a ciddi bir tehdit te\u015fkil etmeye ba\u015flad\u0131\u011f\u0131n\u0131 belirtti.<\/p>\n<p>Malezya otoritelerinin I\u015e\u0130D eleman\u0131 bir\u00e7ok ki\u015fiyi tutuklamalar\u0131 ard\u0131ndan I\u015e\u0130D \u00d6rg\u00fct\u00fcn\u00fcn bir kolu olduklar\u0131n\u0131 ifade eden ve Malezya\u2019da ter\u00f6r sald\u0131r\u0131lar\u0131nda bulunmakla tehdit eden bir ses kayd\u0131n\u0131n yay\u0131nlanmas\u0131 ard\u0131ndan gelen bas\u0131n a\u00e7\u0131klamalar\u0131nda Ba\u015fbakan Abd\u00fcrrezzak; I\u015e\u0130D\u2019in \u00fclkesini hedef alan bu tehditlerin ciddi oldu\u011funu, h\u00fck\u00fcmetinin de bunu \u00f6nemsedi\u011fini s\u00f6yledi.<\/p>\n<p>Di\u011fer yandan Malezya\u2019da ter\u00f6rle m\u00fccadele genel m\u00fcd\u00fcr\u00fc Ey\u00fcp Han Meyden Be\u00e7ay; ter\u00f6ristlerin yay\u0131nlad\u0131klar\u0131 tehdit kayd\u0131n\u0131n, \u00fclkedeki silahl\u0131lar\u0131n daha \u00f6rg\u00fctl\u00fc hale geldiklerini g\u00f6sterdi\u011fine dikkat \u00e7ekti.<\/p>\n<p>R.H.<\/p>\n","protected":false},"excerpt":{"rendered":"<p>KUALA LUMPUR \u2013 Malezya Ba\u015fbakan\u0131 Necip Abd\u00fcrrezzak; I\u015e\u0130D ter\u00f6r \u00f6rg\u00fct\u00fcn\u00fcn \u00fclkesi a\u00e7\u0131s\u0131ndan olduk\u00e7a ciddi bir tehdit te\u015fkil etmeye ba\u015flad\u0131\u011f\u0131n\u0131 belirtti. Malezya otoritelerinin I\u015e\u0130D eleman\u0131 bir\u00e7ok ki\u015fiyi tutuklamalar\u0131 ard\u0131ndan I\u015e\u0130D \u00d6rg\u00fct\u00fcn\u00fcn bir kolu olduklar\u0131n\u0131 ifade eden ve Malezya\u2019da ter\u00f6r sald\u0131r\u0131lar\u0131nda bulunmakla tehdit eden bir ses kayd\u0131n\u0131n yay\u0131nlanmas\u0131 ard\u0131ndan gelen bas\u0131n a\u00e7\u0131klamalar\u0131nda Ba\u015fbakan Abd\u00fcrrezzak; I\u015e\u0130D\u2019in \u00fclkesini hedef &hellip;<\/p>\n","protected":false},"author":1,"featured_media":58971,"comment_status":"closed","ping_status":"closed","sticky":false,"template":"","format":"standard","meta":{"footnotes":""},"categories":[458,459,17988],"tags":[18788],"class_list":["post-58970","post","type-post","status-publish","format-standard","has-post-thumbnail","","category-dunya1","category-haberler-arap-uluslararasi-politika","category-son-haberler","tag-malezya-basbakani-necip-abdurrezzak"],"_links":{"self":[{"href":"https:\/\/archive.sana.sy\/tr\/index.php?rest_route=\/wp\/v2\/posts\/58970","targetHints":{"allow":["GET"]}}],"collection":[{"href":"https:\/\/archive.sana.sy\/tr\/index.php?rest_route=\/wp\/v2\/posts"}],"about":[{"href":"https:\/\/archive.sana.sy\/tr\/index.php?rest_route=\/wp\/v2\/types\/post"}],"author":[{"embeddable":true,"href":"https:\/\/archive.sana.sy\/tr\/index.php?rest_route=\/wp\/v2\/users\/1"}],"replies":[{"embeddable":true,"href":"https:\/\/archive.sana.sy\/tr\/index.php?rest_route=%2Fwp%2Fv2%2Fcomments&post=58970"}],"version-history":[{"count":0,"href":"https:\/\/archive.sana.sy\/tr\/index.php?rest_route=\/wp\/v2\/posts\/58970\/revisions"}],"wp:featuredmedia":[{"embeddable":true,"href":"https:\/\/archive.sana.sy\/tr\/index.php?rest_route=\/wp\/v2\/media\/58971"}],"wp:attachment":[{"href":"https:\/\/archive.sana.sy\/tr\/index.php?rest_route=%2Fwp%2Fv2%2Fmedia&parent=58970"}],"wp:term":[{"taxonomy":"category","embeddable":true,"href":"https:\/\/archive.sana.sy\/tr\/index.php?rest_route=%2Fwp%2Fv2%2Fcategories&post=58970"},{"taxonomy":"post_tag","embeddable":true,"href":"https:\/\/archive.sana.sy\/tr\/index.php?rest_route=%2Fwp%2Fv2%2Ftags&post=58970"}],"curies":[{"name":"wp","href":"https:\/\/api.w.org\/{rel}","templated":true}]}}