{"id":58976,"date":"2016-01-25T12:00:34","date_gmt":"2016-01-25T10:00:34","guid":{"rendered":"http:\/\/www.sana.sy\/tr\/?p=58976"},"modified":"2016-01-25T12:34:38","modified_gmt":"2016-01-25T10:34:38","slug":"isid-teror-cetelerinin-bugun-deyrezzor-kentinin-cuvra-ve-kusur-sivil-yerlesim-semtlerine-havan-roketleriyle-gelisiguzel-saldirilarda-bulundu","status":"publish","type":"post","link":"https:\/\/archive.sana.sy\/tr\/?p=58976","title":{"rendered":"I\u015e\u0130D ter\u00f6r \u00e7etelerinin bug\u00fcn Deyrezzor Kentinin Cuvra ve Kusur sivil yerle\u015fim semtlerine havan roketleriyle geli\u015fig\u00fczel sald\u0131r\u0131larda bulundu"},"content":{"rendered":"<p>I\u015e\u0130D ter\u00f6r \u00e7etelerinin bug\u00fcn Deyrezzor Kentinin Cuvra ve Kusur sivil yerle\u015fim semtlerine havan roketleriyle geli\u015fig\u00fczel sald\u0131r\u0131larda bulundu<\/p>\n","protected":false},"excerpt":{"rendered":"<p>I\u015e\u0130D ter\u00f6r \u00e7etelerinin bug\u00fcn Deyrezzor Kentinin Cuvra ve Kusur sivil yerle\u015fim semtlerine havan roketleriyle geli\u015fig\u00fczel sald\u0131r\u0131larda bulundu<\/p>\n","protected":false},"author":1,"featured_media":0,"comment_status":"closed","ping_status":"closed","sticky":false,"template":"","format":"standard","meta":{"footnotes":""},"categories":[17991],"tags":[],"class_list":["post-58976","post","type-post","status-publish","format-standard","","category-son-dakika"],"_links":{"self":[{"href":"https:\/\/archive.sana.sy\/tr\/index.php?rest_route=\/wp\/v2\/posts\/58976","targetHints":{"allow":["GET"]}}],"collection":[{"href":"https:\/\/archive.sana.sy\/tr\/index.php?rest_route=\/wp\/v2\/posts"}],"about":[{"href":"https:\/\/archive.sana.sy\/tr\/index.php?rest_route=\/wp\/v2\/types\/post"}],"author":[{"embeddable":true,"href":"https:\/\/archive.sana.sy\/tr\/index.php?rest_route=\/wp\/v2\/users\/1"}],"replies":[{"embeddable":true,"href":"https:\/\/archive.sana.sy\/tr\/index.php?rest_route=%2Fwp%2Fv2%2Fcomments&post=58976"}],"version-history":[{"count":0,"href":"https:\/\/archive.sana.sy\/tr\/index.php?rest_route=\/wp\/v2\/posts\/58976\/revisions"}],"wp:attachment":[{"href":"https:\/\/archive.sana.sy\/tr\/index.php?rest_route=%2Fwp%2Fv2%2Fmedia&parent=58976"}],"wp:term":[{"taxonomy":"category","embeddable":true,"href":"https:\/\/archive.sana.sy\/tr\/index.php?rest_route=%2Fwp%2Fv2%2Fcategories&post=58976"},{"taxonomy":"post_tag","embeddable":true,"href":"https:\/\/archive.sana.sy\/tr\/index.php?rest_route=%2Fwp%2Fv2%2Ftags&post=58976"}],"curies":[{"name":"wp","href":"https:\/\/api.w.org\/{rel}","templated":true}]}}