{"id":58993,"date":"2016-01-25T12:41:17","date_gmt":"2016-01-25T10:41:17","guid":{"rendered":"http:\/\/www.sana.sy\/tr\/?p=58993"},"modified":"2016-01-26T13:35:19","modified_gmt":"2016-01-26T11:35:19","slug":"gelisiguzel-saldirilarda-5-sehit-6-yarali","status":"publish","type":"post","link":"https:\/\/archive.sana.sy\/tr\/?p=58993","title":{"rendered":"Geli\u015fig\u00fczel Sald\u0131r\u0131larda 5 \u015eehit, 6 Yaral\u0131"},"content":{"rendered":"<p>DEYREZZOR \u2013 I\u015e\u0130D ter\u00f6r \u00e7etelerinin bug\u00fcn Deyrezzor Kentinin Cuvra ve Kusur sivil yerle\u015fim semtlerine havan roketleriyle geli\u015fig\u00fczel sald\u0131r\u0131larda bulundu.<\/p>\n<p>SANA muhabiri ter\u00f6r sald\u0131r\u0131lar\u0131nda 5 ki\u015finin \u015fehit, 6 ki\u015finin de yaral\u0131 d\u00fc\u015ft\u00fcklerini aktard\u0131.<\/p>\n<p>R.H.<\/p>\n","protected":false},"excerpt":{"rendered":"<p>DEYREZZOR \u2013 I\u015e\u0130D ter\u00f6r \u00e7etelerinin bug\u00fcn Deyrezzor Kentinin Cuvra ve Kusur sivil yerle\u015fim semtlerine havan roketleriyle geli\u015fig\u00fczel sald\u0131r\u0131larda bulundu. SANA muhabiri ter\u00f6r sald\u0131r\u0131lar\u0131nda 5 ki\u015finin \u015fehit, 6 ki\u015finin de yaral\u0131 d\u00fc\u015ft\u00fcklerini aktard\u0131. R.H.<\/p>\n","protected":false},"author":1,"featured_media":58994,"comment_status":"closed","ping_status":"closed","sticky":false,"template":"","format":"standard","meta":{"footnotes":""},"categories":[575,17988],"tags":[18792,18791],"class_list":["post-58993","post","type-post","status-publish","format-standard","has-post-thumbnail","","category-olaylar-ve-gercekler","category-son-haberler","tag-6-yarali","tag-gelisiguzel-saldirilarda-5-sehit"],"_links":{"self":[{"href":"https:\/\/archive.sana.sy\/tr\/index.php?rest_route=\/wp\/v2\/posts\/58993","targetHints":{"allow":["GET"]}}],"collection":[{"href":"https:\/\/archive.sana.sy\/tr\/index.php?rest_route=\/wp\/v2\/posts"}],"about":[{"href":"https:\/\/archive.sana.sy\/tr\/index.php?rest_route=\/wp\/v2\/types\/post"}],"author":[{"embeddable":true,"href":"https:\/\/archive.sana.sy\/tr\/index.php?rest_route=\/wp\/v2\/users\/1"}],"replies":[{"embeddable":true,"href":"https:\/\/archive.sana.sy\/tr\/index.php?rest_route=%2Fwp%2Fv2%2Fcomments&post=58993"}],"version-history":[{"count":0,"href":"https:\/\/archive.sana.sy\/tr\/index.php?rest_route=\/wp\/v2\/posts\/58993\/revisions"}],"wp:featuredmedia":[{"embeddable":true,"href":"https:\/\/archive.sana.sy\/tr\/index.php?rest_route=\/wp\/v2\/media\/58994"}],"wp:attachment":[{"href":"https:\/\/archive.sana.sy\/tr\/index.php?rest_route=%2Fwp%2Fv2%2Fmedia&parent=58993"}],"wp:term":[{"taxonomy":"category","embeddable":true,"href":"https:\/\/archive.sana.sy\/tr\/index.php?rest_route=%2Fwp%2Fv2%2Fcategories&post=58993"},{"taxonomy":"post_tag","embeddable":true,"href":"https:\/\/archive.sana.sy\/tr\/index.php?rest_route=%2Fwp%2Fv2%2Ftags&post=58993"}],"curies":[{"name":"wp","href":"https:\/\/api.w.org\/{rel}","templated":true}]}}