{"id":58996,"date":"2016-01-25T08:00:32","date_gmt":"2016-01-25T06:00:32","guid":{"rendered":"http:\/\/www.sana.sy\/tr\/?p=58996"},"modified":"2016-01-25T12:45:38","modified_gmt":"2016-01-25T10:45:38","slug":"kamislida-sehit-bilancosu-3e-yukseldi","status":"publish","type":"post","link":"https:\/\/archive.sana.sy\/tr\/?p=58996","title":{"rendered":"Kam\u0131\u015fl\u0131\u2019da \u015eehit Bilan\u00e7osu 3\u2019e Y\u00fckseldi"},"content":{"rendered":"<p><a href=\"http:\/\/www.sana.sy\/tr\/wp-content\/uploads\/2016\/01\/2-41.jpg\" rel=\"attachment wp-att-58998\"><img loading=\"lazy\" decoding=\"async\" class=\"alignright wp-image-58998 size-medium\" src=\"http:\/\/www.sana.sy\/tr\/wp-content\/uploads\/2016\/01\/2-41-300x202.jpg\" alt=\"2\" width=\"300\" height=\"202\" srcset=\"https:\/\/archive.sana.sy\/tr\/wp-content\/uploads\/2016\/01\/2-41-300x202.jpg 300w, https:\/\/archive.sana.sy\/tr\/wp-content\/uploads\/2016\/01\/2-41-150x101.jpg 150w, https:\/\/archive.sana.sy\/tr\/wp-content\/uploads\/2016\/01\/2-41-768x517.jpg 768w, https:\/\/archive.sana.sy\/tr\/wp-content\/uploads\/2016\/01\/2-41-110x75.jpg 110w, https:\/\/archive.sana.sy\/tr\/wp-content\/uploads\/2016\/01\/2-41.jpg 803w\" sizes=\"auto, (max-width: 300px) 100vw, 300px\" \/><\/a>HASEKE \u2013 I\u015e\u0130D tekfircilerinin d\u00fcn Haseke \u0130line tabi Kam\u0131\u015fl\u0131 Kentinin el Vusta Semtinde bombal\u0131 bir motosikleti kafeteryada havaya u\u00e7urmalar\u0131 sonucunda \u015fehit d\u00fc\u015fenlerin say\u0131s\u0131 3\u2019e y\u00fckselirken 9 ki\u015finin de yaraland\u0131\u011f\u0131 bildirildi.<\/p>\n<p>Emniyet M\u00fcd\u00fcrl\u00fc\u011f\u00fcnde bir kaynak ilk verilere g\u00f6re patlamada 2 ki\u015finin \u015fehit, 10 ki\u015finin de yaral\u0131 d\u00fc\u015ft\u00fcklerini ifade etmi\u015flerdi.<\/p>\n<p>R.H.<\/p>\n","protected":false},"excerpt":{"rendered":"<p>HASEKE \u2013 I\u015e\u0130D tekfircilerinin d\u00fcn Haseke \u0130line tabi Kam\u0131\u015fl\u0131 Kentinin el Vusta Semtinde bombal\u0131 bir motosikleti kafeteryada havaya u\u00e7urmalar\u0131 sonucunda \u015fehit d\u00fc\u015fenlerin say\u0131s\u0131 3\u2019e y\u00fckselirken 9 ki\u015finin de yaraland\u0131\u011f\u0131 bildirildi. Emniyet M\u00fcd\u00fcrl\u00fc\u011f\u00fcnde bir kaynak ilk verilere g\u00f6re patlamada 2 ki\u015finin \u015fehit, 10 ki\u015finin de yaral\u0131 d\u00fc\u015ft\u00fcklerini ifade etmi\u015flerdi. R.H.<\/p>\n","protected":false},"author":1,"featured_media":58997,"comment_status":"closed","ping_status":"closed","sticky":false,"template":"","format":"standard","meta":{"footnotes":""},"categories":[479,575,17988,478],"tags":[18793],"class_list":["post-58996","post","type-post","status-publish","format-standard","has-post-thumbnail","","category-haberler-yerel","category-olaylar-ve-gercekler","category-son-haberler","category-yerel","tag-kamislida-sehit-bilancosu-3e-yukseldi"],"_links":{"self":[{"href":"https:\/\/archive.sana.sy\/tr\/index.php?rest_route=\/wp\/v2\/posts\/58996","targetHints":{"allow":["GET"]}}],"collection":[{"href":"https:\/\/archive.sana.sy\/tr\/index.php?rest_route=\/wp\/v2\/posts"}],"about":[{"href":"https:\/\/archive.sana.sy\/tr\/index.php?rest_route=\/wp\/v2\/types\/post"}],"author":[{"embeddable":true,"href":"https:\/\/archive.sana.sy\/tr\/index.php?rest_route=\/wp\/v2\/users\/1"}],"replies":[{"embeddable":true,"href":"https:\/\/archive.sana.sy\/tr\/index.php?rest_route=%2Fwp%2Fv2%2Fcomments&post=58996"}],"version-history":[{"count":0,"href":"https:\/\/archive.sana.sy\/tr\/index.php?rest_route=\/wp\/v2\/posts\/58996\/revisions"}],"wp:featuredmedia":[{"embeddable":true,"href":"https:\/\/archive.sana.sy\/tr\/index.php?rest_route=\/wp\/v2\/media\/58997"}],"wp:attachment":[{"href":"https:\/\/archive.sana.sy\/tr\/index.php?rest_route=%2Fwp%2Fv2%2Fmedia&parent=58996"}],"wp:term":[{"taxonomy":"category","embeddable":true,"href":"https:\/\/archive.sana.sy\/tr\/index.php?rest_route=%2Fwp%2Fv2%2Fcategories&post=58996"},{"taxonomy":"post_tag","embeddable":true,"href":"https:\/\/archive.sana.sy\/tr\/index.php?rest_route=%2Fwp%2Fv2%2Ftags&post=58996"}],"curies":[{"name":"wp","href":"https:\/\/api.w.org\/{rel}","templated":true}]}}