{"id":59024,"date":"2016-01-25T14:24:39","date_gmt":"2016-01-25T12:24:39","guid":{"rendered":"http:\/\/www.sana.sy\/tr\/?p=59024"},"modified":"2016-01-25T14:24:39","modified_gmt":"2016-01-25T12:24:39","slug":"sanaya-aciklama-yapan-askeri-kaynak-ordu-birliklerimizin-dera-kirsalinda-israil-destekli-teroristlere-yonelik-operasyonlarini-surdururlerken-seyh-meskin-kentinin-tum-eksenlerinde-onemli-iler","status":"publish","type":"post","link":"https:\/\/archive.sana.sy\/tr\/?p=59024","title":{"rendered":"SANA\u2019ya a\u00e7\u0131klama yapan askeri kaynak ordu birliklerimizin Dera k\u0131rsal\u0131nda \u0130srail destekli ter\u00f6ristlere y\u00f6nelik operasyonlar\u0131n\u0131 s\u00fcrd\u00fcr\u00fcrlerken, \u015eeyh Meskin Kentinin t\u00fcm eksenlerinde \u00f6nemli ilerlemeler kaydettiklerini, \u015eeyh Meskin \u2013 Ibta ve Neva otoyollar\u0131n\u0131 tamamen kontrollerine ge\u00e7irdiklerini belirtti"},"content":{"rendered":"<p>SANA\u2019ya a\u00e7\u0131klama yapan askeri kaynak ordu birliklerimizin Dera k\u0131rsal\u0131nda \u0130srail destekli ter\u00f6ristlere y\u00f6nelik operasyonlar\u0131n\u0131 s\u00fcrd\u00fcr\u00fcrlerken, \u015eeyh Meskin Kentinin t\u00fcm eksenlerinde \u00f6nemli ilerlemeler kaydettiklerini, \u015eeyh Meskin \u2013 Ibta ve Neva otoyollar\u0131n\u0131 tamamen kontrollerine ge\u00e7irdiklerini belirtti<\/p>\n","protected":false},"excerpt":{"rendered":"<p>SANA\u2019ya a\u00e7\u0131klama yapan askeri kaynak ordu birliklerimizin Dera k\u0131rsal\u0131nda \u0130srail destekli ter\u00f6ristlere y\u00f6nelik operasyonlar\u0131n\u0131 s\u00fcrd\u00fcr\u00fcrlerken, \u015eeyh Meskin Kentinin t\u00fcm eksenlerinde \u00f6nemli ilerlemeler kaydettiklerini, \u015eeyh Meskin \u2013 Ibta ve Neva otoyollar\u0131n\u0131 tamamen kontrollerine ge\u00e7irdiklerini belirtti<\/p>\n","protected":false},"author":1,"featured_media":0,"comment_status":"closed","ping_status":"closed","sticky":false,"template":"","format":"standard","meta":{"footnotes":""},"categories":[17991],"tags":[],"class_list":["post-59024","post","type-post","status-publish","format-standard","","category-son-dakika"],"_links":{"self":[{"href":"https:\/\/archive.sana.sy\/tr\/index.php?rest_route=\/wp\/v2\/posts\/59024","targetHints":{"allow":["GET"]}}],"collection":[{"href":"https:\/\/archive.sana.sy\/tr\/index.php?rest_route=\/wp\/v2\/posts"}],"about":[{"href":"https:\/\/archive.sana.sy\/tr\/index.php?rest_route=\/wp\/v2\/types\/post"}],"author":[{"embeddable":true,"href":"https:\/\/archive.sana.sy\/tr\/index.php?rest_route=\/wp\/v2\/users\/1"}],"replies":[{"embeddable":true,"href":"https:\/\/archive.sana.sy\/tr\/index.php?rest_route=%2Fwp%2Fv2%2Fcomments&post=59024"}],"version-history":[{"count":0,"href":"https:\/\/archive.sana.sy\/tr\/index.php?rest_route=\/wp\/v2\/posts\/59024\/revisions"}],"wp:attachment":[{"href":"https:\/\/archive.sana.sy\/tr\/index.php?rest_route=%2Fwp%2Fv2%2Fmedia&parent=59024"}],"wp:term":[{"taxonomy":"category","embeddable":true,"href":"https:\/\/archive.sana.sy\/tr\/index.php?rest_route=%2Fwp%2Fv2%2Fcategories&post=59024"},{"taxonomy":"post_tag","embeddable":true,"href":"https:\/\/archive.sana.sy\/tr\/index.php?rest_route=%2Fwp%2Fv2%2Ftags&post=59024"}],"curies":[{"name":"wp","href":"https:\/\/api.w.org\/{rel}","templated":true}]}}