{"id":59032,"date":"2016-01-25T15:06:55","date_gmt":"2016-01-25T13:06:55","guid":{"rendered":"http:\/\/www.sana.sy\/tr\/?p=59032"},"modified":"2016-01-26T13:33:15","modified_gmt":"2016-01-26T11:33:15","slug":"gorusme-tarihinin-acilen-ilan-edilmesine-cagirdilar","status":"publish","type":"post","link":"https:\/\/archive.sana.sy\/tr\/?p=59032","title":{"rendered":"G\u00f6r\u00fc\u015fme Tarihinin Acilen \u0130lan Edilmesine \u00c7a\u011f\u0131rd\u0131lar"},"content":{"rendered":"<p>MOSKOVA \u2013 Rusya D\u0131\u015fi\u015fleri Bakan\u0131 Sergey Lavrov ve ABD\u2019li mevkida\u015f\u0131 John Kerry bug\u00fcn aralar\u0131nda ger\u00e7ekle\u015fen telefon g\u00f6r\u00fc\u015fmesinde Suriyeliler aras\u0131nda Cenevre&#8217;de yap\u0131lacak g\u00f6r\u00fc\u015fme tarihinin en k\u0131sa zaman i\u00e7inde BM Suriye \u00f6zel temsilcisi Staffan de Mistura taraf\u0131ndan ilan edilmesi gere\u011fini belirtti.<\/p>\n<p>Rusya D\u0131\u015fi\u015fleri Bakanl\u0131\u011f\u0131 bug\u00fcn yay\u0131nlad\u0131\u011f\u0131 ve RT web haber sitesinin aktard\u0131\u011f\u0131 beyan\u0131nda Lavrov ve Kerry\u2019nin telefon g\u00f6r\u00fc\u015fmelerinde; Suriye&#8217;deki krize \u00e7\u00f6z\u00fcm bulma amac\u0131yla Suriye h\u00fck\u00fcmeti temsilcileri ile \u2018muhalefet temsilcileri\u2019 aras\u0131nda Cenevre&#8217;de yap\u0131lacak diyalog g\u00f6r\u00fc\u015fmelerine yap\u0131lan haz\u0131rl\u0131klar\u0131 g\u00f6r\u00fc\u015ft\u00fcklerini belirtti.<\/p>\n<p>Rus Bakanl\u0131k beyan\u0131nda ayr\u0131ca Lavrov\u2019un; t\u00fcm taraflar\u0131n uluslar aras\u0131 2254 say\u0131l\u0131 karar\u0131n hayata ge\u00e7irilmesinde ciddi ve d\u00fcr\u00fcst olmalar\u0131 gerekti\u011finin alt\u0131n\u0131 \u00e7izdi\u011fine dikkat \u00e7ekildi.<\/p>\n","protected":false},"excerpt":{"rendered":"<p>MOSKOVA \u2013 Rusya D\u0131\u015fi\u015fleri Bakan\u0131 Sergey Lavrov ve ABD\u2019li mevkida\u015f\u0131 John Kerry bug\u00fcn aralar\u0131nda ger\u00e7ekle\u015fen telefon g\u00f6r\u00fc\u015fmesinde Suriyeliler aras\u0131nda Cenevre&#8217;de yap\u0131lacak g\u00f6r\u00fc\u015fme tarihinin en k\u0131sa zaman i\u00e7inde BM Suriye \u00f6zel temsilcisi Staffan de Mistura taraf\u0131ndan ilan edilmesi gere\u011fini belirtti. Rusya D\u0131\u015fi\u015fleri Bakanl\u0131\u011f\u0131 bug\u00fcn yay\u0131nlad\u0131\u011f\u0131 ve RT web haber sitesinin aktard\u0131\u011f\u0131 beyan\u0131nda Lavrov ve Kerry\u2019nin telefon &hellip;<\/p>\n","protected":false},"author":1,"featured_media":58803,"comment_status":"closed","ping_status":"closed","sticky":false,"template":"","format":"standard","meta":{"footnotes":""},"categories":[458,17988],"tags":[17025,3846],"class_list":["post-59032","post","type-post","status-publish","format-standard","has-post-thumbnail","","category-dunya1","category-son-haberler","tag-john-kerry","tag-sergey-lavrov"],"_links":{"self":[{"href":"https:\/\/archive.sana.sy\/tr\/index.php?rest_route=\/wp\/v2\/posts\/59032","targetHints":{"allow":["GET"]}}],"collection":[{"href":"https:\/\/archive.sana.sy\/tr\/index.php?rest_route=\/wp\/v2\/posts"}],"about":[{"href":"https:\/\/archive.sana.sy\/tr\/index.php?rest_route=\/wp\/v2\/types\/post"}],"author":[{"embeddable":true,"href":"https:\/\/archive.sana.sy\/tr\/index.php?rest_route=\/wp\/v2\/users\/1"}],"replies":[{"embeddable":true,"href":"https:\/\/archive.sana.sy\/tr\/index.php?rest_route=%2Fwp%2Fv2%2Fcomments&post=59032"}],"version-history":[{"count":0,"href":"https:\/\/archive.sana.sy\/tr\/index.php?rest_route=\/wp\/v2\/posts\/59032\/revisions"}],"wp:featuredmedia":[{"embeddable":true,"href":"https:\/\/archive.sana.sy\/tr\/index.php?rest_route=\/wp\/v2\/media\/58803"}],"wp:attachment":[{"href":"https:\/\/archive.sana.sy\/tr\/index.php?rest_route=%2Fwp%2Fv2%2Fmedia&parent=59032"}],"wp:term":[{"taxonomy":"category","embeddable":true,"href":"https:\/\/archive.sana.sy\/tr\/index.php?rest_route=%2Fwp%2Fv2%2Fcategories&post=59032"},{"taxonomy":"post_tag","embeddable":true,"href":"https:\/\/archive.sana.sy\/tr\/index.php?rest_route=%2Fwp%2Fv2%2Ftags&post=59032"}],"curies":[{"name":"wp","href":"https:\/\/api.w.org\/{rel}","templated":true}]}}