{"id":59044,"date":"2016-01-25T19:40:30","date_gmt":"2016-01-25T17:40:30","guid":{"rendered":"http:\/\/www.sana.sy\/tr\/?p=59044"},"modified":"2016-01-26T17:03:16","modified_gmt":"2016-01-26T15:03:16","slug":"vatan-koruyucularimiz-sanli-zafere-dogru-adimlarini-surduruyor-4","status":"publish","type":"post","link":"https:\/\/archive.sana.sy\/tr\/?p=59044","title":{"rendered":"Vatan Koruyucular\u0131m\u0131z \u015eanl\u0131 Zafere Do\u011fru Ad\u0131mlar\u0131n\u0131 S\u00fcrd\u00fcr\u00fcyor"},"content":{"rendered":"<p>\u0130LLER \u2013 Kahraman ordu birliklerimiz vatan evlatlar\u0131na verdikleri \u015fanl\u0131 zafer ahdini ger\u00e7ekle\u015ftirmeye ad\u0131m ad\u0131m yakla\u015f\u0131yorlar. \u00dclkenin d\u00f6rt bir yan\u0131nda ter\u00f6rle m\u00fccadelede sa\u011flanan ba\u015far\u0131larla kahramanlar\u0131m\u0131z, ufukta g\u00f6r\u00fcnen \u015fanl\u0131 zaferin temel ta\u015flar\u0131n\u0131 olu\u015fturmaya devam ediyorlar.<\/p>\n<p><span style=\"color: #0000ff\">HALEP:<\/span><\/p>\n<p>Halep ve k\u0131rsal\u0131nda katil Erdo\u011fan rejimine ba\u011fl\u0131 radikal ter\u00f6r \u00f6rg\u00fctlere y\u00f6nelik ba\u015far\u0131l\u0131 operasyonlar\u0131n\u0131 s\u00fcrd\u00fcren ordu birliklerimiz; il k\u0131rsal\u0131n\u0131n do\u011fusu Tel Faouri K\u00f6y\u00fcnde d\u00fcn gece saatlerinde I\u015e\u0130D\u2019in toplanma yerleri ve ara\u00e7lar\u0131n\u0131 imha ederek \u00e7ok say\u0131da ter\u00f6risti \u00f6l\u00fc ve yaral\u0131 d\u00fc\u015f\u00fcrd\u00fc.<\/p>\n<p>Halep Kenti Ra\u015fidin 4, Ra\u015fidin 5 ve Selahattin semtlerinde de ordu birliklerimiz ter\u00f6ristlerin siper ve yuvalar\u0131n\u0131 hedef almalar\u0131yla bir\u00e7ok ter\u00f6risti \u00f6ld\u00fcr\u00fcp havzalar\u0131nda bulunan silah ve m\u00fchimmatlar\u0131n\u0131 tamamen imha etti.<\/p>\n<p>Bu arada ter\u00f6r \u00e7eteleri medya ara\u00e7lar\u0131nda aralar\u0131nda Abd\u00fclkadir Ahmet Hatib gibi tehlikeli isimlerin bulundu\u011fu bir\u00e7ok ter\u00f6ristin \u00f6ld\u00fc\u011f\u00fcn\u00fc itiraf etti.<\/p>\n<p><span style=\"color: #0000ff\">DEYREZZOR:<\/span><\/p>\n<p>\u00d6te yandan saha kaynaklar\u0131 SANA muhabirine a\u00e7\u0131klamalar\u0131nda; Deyrezzor k\u0131rsal\u0131 B\u011fayliye K\u00f6y\u00fcnde ordu birliklerimizin I\u015e\u0130D \u00e7eteleriyle \u015fiddetli \u00e7at\u0131\u015fmalara girmelerine e\u015f zamanl\u0131 olarak Ravvad Tepesindeki askeri noktaya ula\u015fmadan \u00f6nce ter\u00f6ristlere ait bombal\u0131 bir arac\u0131 imha ettiklerini ifade etti.<\/p>\n<p>Kaynaklar Deyrezzor Kenti Ru\u015fdiye Semtinde de ter\u00f6ristlerle \u00e7at\u0131\u015fmalara giren ordu birliklerimizin; tekfircileri say\u0131 ve te\u00e7hizatlar\u0131yla a\u011f\u0131r kay\u0131plara u\u011fratt\u0131klar\u0131n\u0131 s\u00f6zlerine ekledi.<\/p>\n<p><span style=\"color: #0000ff\">DERA:<\/span><\/p>\n<p>SANA\u2019ya a\u00e7\u0131klama yapan askeri kaynak ordu birliklerimizin Dera k\u0131rsal\u0131nda \u0130srail destekli ter\u00f6ristlere y\u00f6nelik operasyonlar\u0131n\u0131 s\u00fcrd\u00fcr\u00fcrlerken, \u015eeyh Meskin Kentinin t\u00fcm eksenlerinde \u00f6nemli ilerlemeler kaydettiklerini, \u015eeyh Meskin \u2013 Ibta ve Neva otoyollar\u0131n\u0131 tamamen kontrollerine ge\u00e7irdiklerini belirtti.<br \/>\nKaynak; operasyonlarda bir k\u0131sm\u0131 a\u011f\u0131r makineli silahlarla donat\u0131lm\u0131\u015f ara\u00e7lar\u0131n ve f\u00fcze rampalar\u0131n\u0131n yan\u0131 s\u0131ra b\u00fcy\u00fck bir sahra hastanesinin ele ge\u00e7irildi\u011fine dikkat \u00e7ekti.<\/p>\n<p>Di\u011fer yandan kaynak; ordu birliklerimize tabi bomba imha ekiplerinin arama tarama operasyonlar\u0131 esnas\u0131nda \u015eeyh Meskin semt ve sokaklar\u0131na yerle\u015ftirilen may\u0131n ve bubi tuzaklar\u0131n\u0131n etkisiz hale getirdiklerini aktard\u0131.<\/p>\n<p>Dera Mahatta ve Dera Beled b\u00f6lgelerinde de ordu birliklerimizin ter\u00f6ristlerin siper ve karargahlar\u0131n\u0131 yo\u011fun ate\u015fe tutuklar\u0131n\u0131 s\u00f6yleyen kaynak; \u00e7ok say\u0131da ter\u00f6risti \u00f6l\u00fc ve yaral\u0131 d\u00fc\u015f\u00fcr\u00fcp ara\u00e7, silah ve m\u00fchimmatlar\u0131n\u0131 da yok ettiklerini beyan etti.<\/p>\n<p>Ak\u015fam saatlerinde a\u00e7\u0131klama yapan bir kaynak; ordu birliklerimizin Dera Beled\u2019in Abbasiye Semti, Bacabce Mahallesi ve Beir Um el Derc B\u00f6lgesinin civar\u0131nda Nusra Cephesi ve di\u011fer ter\u00f6r \u00f6rg\u00fctlerin toplanma yerleri ve ara\u00e7lar\u0131n\u0131n yan\u0131 s\u0131ra te\u00e7hizatlar\u0131n\u0131 tamam\u0131yla tahrip ettiklerini s\u00f6yledi.<\/p>\n<p>https:\/\/www.youtube.com\/watch?v=weKDRJ7Gw6A<\/p>\n<p><span style=\"color: #0000ff\">HOMS:<\/span><\/p>\n<p>Bu arada askeri kaynak; ordu birliklerimizin Homs k\u0131rsal\u0131n\u0131n do\u011fusu Racme B\u00f6lgesinde I\u015e\u0130D ter\u00f6r \u00f6rg\u00fct\u00fcne ait a\u011f\u0131r makineli silahlarla donat\u0131lm\u0131\u015f 3 arac\u0131 imha ettiklerini ifade etti.<\/p>\n<p>M.M.<\/p>\n","protected":false},"excerpt":{"rendered":"<p>\u0130LLER \u2013 Kahraman ordu birliklerimiz vatan evlatlar\u0131na verdikleri \u015fanl\u0131 zafer ahdini ger\u00e7ekle\u015ftirmeye ad\u0131m ad\u0131m yakla\u015f\u0131yorlar. \u00dclkenin d\u00f6rt bir yan\u0131nda ter\u00f6rle m\u00fccadelede sa\u011flanan ba\u015far\u0131larla kahramanlar\u0131m\u0131z, ufukta g\u00f6r\u00fcnen \u015fanl\u0131 zaferin temel ta\u015flar\u0131n\u0131 olu\u015fturmaya devam ediyorlar. HALEP: Halep ve k\u0131rsal\u0131nda katil Erdo\u011fan rejimine ba\u011fl\u0131 radikal ter\u00f6r \u00f6rg\u00fctlere y\u00f6nelik ba\u015far\u0131l\u0131 operasyonlar\u0131n\u0131 s\u00fcrd\u00fcren ordu birliklerimiz; il k\u0131rsal\u0131n\u0131n do\u011fusu Tel Faouri &hellip;<\/p>\n","protected":false},"author":1,"featured_media":59045,"comment_status":"closed","ping_status":"closed","sticky":false,"template":"","format":"standard","meta":{"footnotes":""},"categories":[575],"tags":[588],"class_list":["post-59044","post","type-post","status-publish","format-standard","has-post-thumbnail","","category-olaylar-ve-gercekler","tag-vatan-koruyucularimiz-sanli-zafere-dogru-adimlarini-surduruyor"],"_links":{"self":[{"href":"https:\/\/archive.sana.sy\/tr\/index.php?rest_route=\/wp\/v2\/posts\/59044","targetHints":{"allow":["GET"]}}],"collection":[{"href":"https:\/\/archive.sana.sy\/tr\/index.php?rest_route=\/wp\/v2\/posts"}],"about":[{"href":"https:\/\/archive.sana.sy\/tr\/index.php?rest_route=\/wp\/v2\/types\/post"}],"author":[{"embeddable":true,"href":"https:\/\/archive.sana.sy\/tr\/index.php?rest_route=\/wp\/v2\/users\/1"}],"replies":[{"embeddable":true,"href":"https:\/\/archive.sana.sy\/tr\/index.php?rest_route=%2Fwp%2Fv2%2Fcomments&post=59044"}],"version-history":[{"count":0,"href":"https:\/\/archive.sana.sy\/tr\/index.php?rest_route=\/wp\/v2\/posts\/59044\/revisions"}],"wp:featuredmedia":[{"embeddable":true,"href":"https:\/\/archive.sana.sy\/tr\/index.php?rest_route=\/wp\/v2\/media\/59045"}],"wp:attachment":[{"href":"https:\/\/archive.sana.sy\/tr\/index.php?rest_route=%2Fwp%2Fv2%2Fmedia&parent=59044"}],"wp:term":[{"taxonomy":"category","embeddable":true,"href":"https:\/\/archive.sana.sy\/tr\/index.php?rest_route=%2Fwp%2Fv2%2Fcategories&post=59044"},{"taxonomy":"post_tag","embeddable":true,"href":"https:\/\/archive.sana.sy\/tr\/index.php?rest_route=%2Fwp%2Fv2%2Ftags&post=59044"}],"curies":[{"name":"wp","href":"https:\/\/api.w.org\/{rel}","templated":true}]}}