{"id":59061,"date":"2016-01-25T16:41:35","date_gmt":"2016-01-25T14:41:35","guid":{"rendered":"http:\/\/www.sana.sy\/tr\/?p=59061"},"modified":"2016-01-26T13:31:10","modified_gmt":"2016-01-26T11:31:10","slug":"gorusmeler-29-ocakta-baslayacak","status":"publish","type":"post","link":"https:\/\/archive.sana.sy\/tr\/?p=59061","title":{"rendered":"G\u00f6r\u00fc\u015fmeler 29 Ocakta Ba\u015flayacak"},"content":{"rendered":"<p>CENEVRE \u2013 BM Suriye \u00f6zel temsilcisi Staffan de Mistura Suriye h\u00fck\u00fcmeti temsilcileri ile muhalefet temsilcileri aras\u0131nda yap\u0131lacak Cenevre III g\u00f6r\u00fc\u015fmelerinin bu ay\u0131n 29\u2019unda ba\u015flamas\u0131n\u0131n beklendi\u011fini a\u00e7\u0131klad\u0131.<\/p>\n<p>De Mistura bug\u00fcn d\u00fczenledi\u011fi bas\u0131n toplant\u0131s\u0131nda; g\u00f6r\u00fc\u015fmelere kat\u0131lacak taraflara yar\u0131n davetlerin g\u00f6nderilece\u011fini belirtirken, belirli bir sistem dahilinde yap\u0131lacak g\u00f6r\u00fc\u015fmelerin 6 ay s\u00fcrece\u011fine dikkat \u00e7ekti.<\/p>\n","protected":false},"excerpt":{"rendered":"<p>CENEVRE \u2013 BM Suriye \u00f6zel temsilcisi Staffan de Mistura Suriye h\u00fck\u00fcmeti temsilcileri ile muhalefet temsilcileri aras\u0131nda yap\u0131lacak Cenevre III g\u00f6r\u00fc\u015fmelerinin bu ay\u0131n 29\u2019unda ba\u015flamas\u0131n\u0131n beklendi\u011fini a\u00e7\u0131klad\u0131. De Mistura bug\u00fcn d\u00fczenledi\u011fi bas\u0131n toplant\u0131s\u0131nda; g\u00f6r\u00fc\u015fmelere kat\u0131lacak taraflara yar\u0131n davetlerin g\u00f6nderilece\u011fini belirtirken, belirli bir sistem dahilinde yap\u0131lacak g\u00f6r\u00fc\u015fmelerin 6 ay s\u00fcrece\u011fine dikkat \u00e7ekti.<\/p>\n","protected":false},"author":1,"featured_media":59063,"comment_status":"closed","ping_status":"closed","sticky":false,"template":"","format":"standard","meta":{"footnotes":""},"categories":[458,459,17988],"tags":[18473,18472],"class_list":["post-59061","post","type-post","status-publish","format-standard","has-post-thumbnail","","category-dunya1","category-haberler-arap-uluslararasi-politika","category-son-haberler","tag-cenevre-gorusmeleri","tag-staffan-de-mistura"],"_links":{"self":[{"href":"https:\/\/archive.sana.sy\/tr\/index.php?rest_route=\/wp\/v2\/posts\/59061","targetHints":{"allow":["GET"]}}],"collection":[{"href":"https:\/\/archive.sana.sy\/tr\/index.php?rest_route=\/wp\/v2\/posts"}],"about":[{"href":"https:\/\/archive.sana.sy\/tr\/index.php?rest_route=\/wp\/v2\/types\/post"}],"author":[{"embeddable":true,"href":"https:\/\/archive.sana.sy\/tr\/index.php?rest_route=\/wp\/v2\/users\/1"}],"replies":[{"embeddable":true,"href":"https:\/\/archive.sana.sy\/tr\/index.php?rest_route=%2Fwp%2Fv2%2Fcomments&post=59061"}],"version-history":[{"count":0,"href":"https:\/\/archive.sana.sy\/tr\/index.php?rest_route=\/wp\/v2\/posts\/59061\/revisions"}],"wp:featuredmedia":[{"embeddable":true,"href":"https:\/\/archive.sana.sy\/tr\/index.php?rest_route=\/wp\/v2\/media\/59063"}],"wp:attachment":[{"href":"https:\/\/archive.sana.sy\/tr\/index.php?rest_route=%2Fwp%2Fv2%2Fmedia&parent=59061"}],"wp:term":[{"taxonomy":"category","embeddable":true,"href":"https:\/\/archive.sana.sy\/tr\/index.php?rest_route=%2Fwp%2Fv2%2Fcategories&post=59061"},{"taxonomy":"post_tag","embeddable":true,"href":"https:\/\/archive.sana.sy\/tr\/index.php?rest_route=%2Fwp%2Fv2%2Ftags&post=59061"}],"curies":[{"name":"wp","href":"https:\/\/api.w.org\/{rel}","templated":true}]}}