{"id":59094,"date":"2016-01-26T13:43:05","date_gmt":"2016-01-26T11:43:05","guid":{"rendered":"http:\/\/www.sana.sy\/tr\/?p=59094"},"modified":"2016-01-27T18:03:13","modified_gmt":"2016-01-27T16:03:13","slug":"kimin-ciddi-kimin-de-teroru-dar-cikarlari-icin-kullandigini-desifre-etti","status":"publish","type":"post","link":"https:\/\/archive.sana.sy\/tr\/?p=59094","title":{"rendered":"Kimin Ciddi, Kimin de Ter\u00f6r\u00fc Dar \u00c7\u0131karlar\u0131 \u0130\u00e7in Kulland\u0131\u011f\u0131n\u0131 De\u015fifre Etti"},"content":{"rendered":"<p>MOSKOVA \u2013 Rusya D\u0131\u015fi\u015fleri Bakan\u0131 Sergey Lavrov; Rus hava g\u00fc\u00e7lerinin Suriye&#8217;de bulunduklar\u0131 operasyonlar\u0131n meydanda nitelikli de\u011fi\u015fimlere yol a\u00e7t\u0131\u011f\u0131na dikkat \u00e7ekerken, ayn\u0131 zamanda kimin ter\u00f6re kar\u015f\u0131 ciddi bir m\u00fccadele verdi\u011fini, kimin de ter\u00f6r\u00fc kendi dar \u00e7\u0131karlar\u0131 i\u00e7in kulland\u0131\u011f\u0131n\u0131 de\u015fifre etti\u011finin alt\u0131n\u0131 \u00e7izdi.<\/p>\n<p>Lavrov bug\u00fcn Moskova&#8217;da d\u00fczenledi\u011fi y\u0131ll\u0131k bas\u0131n toplant\u0131s\u0131nda; Rusya&#8217;n\u0131n ter\u00f6re kar\u015f\u0131 sava\u015fa kat\u0131lmas\u0131n\u0131n BM G\u00fcvenlik Konseyinin ter\u00f6rle m\u00fccadele ve kaynaklar\u0131n\u0131n kurutulmas\u0131nda \u00f6nemli kararlar almas\u0131na katk\u0131 sa\u011flad\u0131\u011f\u0131n\u0131 s\u00f6yledi. T\u00fcm devletlerden bu kararlara ba\u011fl\u0131 kalma ve nas\u0131l ba\u011fl\u0131 kald\u0131\u011f\u0131n\u0131 g\u00f6steren raporlar haz\u0131rlay\u0131p BM\u2019ye takdim etmelerini talep eden Lavrov; Rusya&#8217;n\u0131n ter\u00f6rle m\u00fccadelede uluslar aras\u0131 kanun ve kararlar kapsam\u0131nda etkin ve ciddi uluslar aras\u0131 bir ittifak kurma \u00e7abalar\u0131na dikkat \u00e7ekti.<\/p>\n<p>Lavrov ter\u00f6rle m\u00fccadelenin sadece askeri olmad\u0131\u011f\u0131n\u0131n alt\u0131n\u0131 \u00e7izerken, ideolojik, ekonomik ve sosyal y\u00f6nlerden de ter\u00f6r ve radikalli\u011fe kar\u015f\u0131 koyulmas\u0131 \u00f6nemine vurgu yapt\u0131. Ter\u00f6r \u00f6rg\u00fctlerin bulunduklar\u0131 b\u00f6lgelerde mevcut zenginlik ve altyap\u0131y\u0131 kullanmalar\u0131na izin verilmeme gere\u011fini belirten Lavrov; I\u015e\u0130D\u2019in T\u00fcrkiye&#8217;deki rejimin i\u015fbirli\u011fi ve deste\u011fi ile Suriye ve Irak\u2019tan \u00e7al\u0131nt\u0131 petrol\u00fc satmas\u0131na i\u015faret etti.<\/p>\n<p>T\u00fcrkiye rejiminin BM G\u00fcvenlik Konseyinin ter\u00f6rle m\u00fccadeleye ili\u015fkin kararlar\u0131na ba\u011fl\u0131 kalmamas\u0131 konusunda SANA\u2019n\u0131n Moskova muhabirinin y\u00f6neltti\u011fi soruya cevab\u0131nda Lavrov; G\u00fcvenlik Konseyi karar\u0131 kapsam\u0131nda her devletin ilgili kararlara ba\u011fl\u0131l\u0131\u011f\u0131 konusunda rapor haz\u0131rlay\u0131p BM\u2019ye sunmas\u0131 gerekti\u011fine dikkat \u00e7ekti. Lavrov T\u00fcrkiye rejiminin ilk raporunda s\u0131n\u0131rlardan yasa d\u0131\u015f\u0131 petrol ka\u00e7ak\u00e7\u0131l\u0131\u011f\u0131ndan s\u00f6z etmedi\u011fini, bunun da kabul edilemez oldu\u011funu ifade etti. Ter\u00f6ristlerin Suriye ve Irak\u2019tan T\u00fcrkiye&#8217;ye \u00e7al\u0131nt\u0131 petrol ka\u00e7\u0131rd\u0131klar\u0131n\u0131n tespit edilmi\u015f oldu\u011funa vurgu yapan Lavrov; Rusya&#8217;n\u0131n T\u00fcrkiye rejiminin bunu g\u00f6rmezden gelmeye son vermesine \u00e7aba harcayaca\u011f\u0131n\u0131 s\u00f6yledi.<\/p>\n<p>Suriyeliler aras\u0131nda yap\u0131lmas\u0131 beklenen g\u00f6r\u00fc\u015fmeler konusunda ise Lavrov; b\u00f6lgesel ve uluslar aras\u0131 taraflar\u0131n bu g\u00f6r\u00fc\u015fmelerin ba\u015flat\u0131lmas\u0131 i\u00e7in herhangi bir \u00f6nko\u015ful olmamas\u0131 gere\u011fine ikna olduklar\u0131n\u0131 s\u00f6yledi. Lavrov; g\u00f6r\u00fc\u015fmelerin ba\u015flat\u0131lmas\u0131 ya da Suriye&#8217;de siyasi y\u00f6netimin de\u011fi\u015ftirilmesi ile ter\u00f6rle m\u00fccadele aras\u0131nda herhangi bir ba\u011flant\u0131n\u0131n olmad\u0131\u011f\u0131n\u0131n alt\u0131n\u0131 \u00e7izdi.<\/p>\n<p>R.H.<\/p>\n","protected":false},"excerpt":{"rendered":"<p>MOSKOVA \u2013 Rusya D\u0131\u015fi\u015fleri Bakan\u0131 Sergey Lavrov; Rus hava g\u00fc\u00e7lerinin Suriye&#8217;de bulunduklar\u0131 operasyonlar\u0131n meydanda nitelikli de\u011fi\u015fimlere yol a\u00e7t\u0131\u011f\u0131na dikkat \u00e7ekerken, ayn\u0131 zamanda kimin ter\u00f6re kar\u015f\u0131 ciddi bir m\u00fccadele verdi\u011fini, kimin de ter\u00f6r\u00fc kendi dar \u00e7\u0131karlar\u0131 i\u00e7in kulland\u0131\u011f\u0131n\u0131 de\u015fifre etti\u011finin alt\u0131n\u0131 \u00e7izdi. Lavrov bug\u00fcn Moskova&#8217;da d\u00fczenledi\u011fi y\u0131ll\u0131k bas\u0131n toplant\u0131s\u0131nda; Rusya&#8217;n\u0131n ter\u00f6re kar\u015f\u0131 sava\u015fa kat\u0131lmas\u0131n\u0131n BM G\u00fcvenlik &hellip;<\/p>\n","protected":false},"author":1,"featured_media":59095,"comment_status":"closed","ping_status":"closed","sticky":false,"template":"","format":"standard","meta":{"footnotes":""},"categories":[458,459,17988],"tags":[10651],"class_list":["post-59094","post","type-post","status-publish","format-standard","has-post-thumbnail","","category-dunya1","category-haberler-arap-uluslararasi-politika","category-son-haberler","tag-rusya-disisleri-bakani-sergey-lavrov"],"_links":{"self":[{"href":"https:\/\/archive.sana.sy\/tr\/index.php?rest_route=\/wp\/v2\/posts\/59094","targetHints":{"allow":["GET"]}}],"collection":[{"href":"https:\/\/archive.sana.sy\/tr\/index.php?rest_route=\/wp\/v2\/posts"}],"about":[{"href":"https:\/\/archive.sana.sy\/tr\/index.php?rest_route=\/wp\/v2\/types\/post"}],"author":[{"embeddable":true,"href":"https:\/\/archive.sana.sy\/tr\/index.php?rest_route=\/wp\/v2\/users\/1"}],"replies":[{"embeddable":true,"href":"https:\/\/archive.sana.sy\/tr\/index.php?rest_route=%2Fwp%2Fv2%2Fcomments&post=59094"}],"version-history":[{"count":0,"href":"https:\/\/archive.sana.sy\/tr\/index.php?rest_route=\/wp\/v2\/posts\/59094\/revisions"}],"wp:featuredmedia":[{"embeddable":true,"href":"https:\/\/archive.sana.sy\/tr\/index.php?rest_route=\/wp\/v2\/media\/59095"}],"wp:attachment":[{"href":"https:\/\/archive.sana.sy\/tr\/index.php?rest_route=%2Fwp%2Fv2%2Fmedia&parent=59094"}],"wp:term":[{"taxonomy":"category","embeddable":true,"href":"https:\/\/archive.sana.sy\/tr\/index.php?rest_route=%2Fwp%2Fv2%2Fcategories&post=59094"},{"taxonomy":"post_tag","embeddable":true,"href":"https:\/\/archive.sana.sy\/tr\/index.php?rest_route=%2Fwp%2Fv2%2Ftags&post=59094"}],"curies":[{"name":"wp","href":"https:\/\/api.w.org\/{rel}","templated":true}]}}