{"id":59126,"date":"2016-01-26T10:05:16","date_gmt":"2016-01-26T08:05:16","guid":{"rendered":"http:\/\/www.sana.sy\/tr\/?p=59126"},"modified":"2016-01-26T15:51:57","modified_gmt":"2016-01-26T13:51:57","slug":"cesitli-sanayilerin-gelismesi-icin-uygun-zemin-hazirlanmasi-gerekiyor","status":"publish","type":"post","link":"https:\/\/archive.sana.sy\/tr\/?p=59126","title":{"rendered":"\u00c7e\u015fitli Sanayilerin Geli\u015fmesi \u0130\u00e7in Uygun Zemin Haz\u0131rlanmas\u0131 Gerekiyor (video)"},"content":{"rendered":"<p>\u015eAM \u2013 \u00c7evre\u00a0\u0130\u015flerinden Sorumlu Devlet Bakan\u0131 Nazire Serkis, \u00e7e\u015fitli sanayiler i\u00e7in gerekli uygunzemin haz\u0131rlanmas\u0131 ve ya\u015fanmakta olan krizin yol a\u00e7t\u0131\u011f\u0131 \u00e7evre kirlili\u011finin hafifletilmesi gereklili\u011fini dile getirdi.<\/p>\n<p>\u015eam k\u0131rsal\u0131nda Adra Sanayi Kentine bir inceleme ziyareti d\u00fczenleyen Sarkis, fabrika ve sanayi kurulu\u015f sahiplerinin tabiat\u0131 korumaya dikkat etmeleri gerekti\u011fini ifade ederek fabrika ve sanayi kurulu\u015flar\u0131 sahiplerinin ya\u015fanmakta olan s\u00fcrecin b\u00fct\u00fcn zorluklar\u0131na ra\u011fmen \u00fcretimi s\u00fcrd\u00fcrmede \u0131srarl\u0131 olmalar\u0131n\u0131n \u00f6vg\u00fc ve takdire \u015fayan oldu\u011funu belirtti.<\/p>\n<p>Bakan Sarkis\u2019in ziyaretine e\u015flik eden \u015eam \u00c7evre Kent Valisi H\u00fcseyin Mahluf da sanayicilerin ve i\u015f\u00e7ilerin sergiledikleri direni\u015f ve \u00fcretim \u0131srar\u0131n\u0131 y\u00fcrekten takdir etti\u011fini dile getirerek ya\u015fanan b\u00fct\u00fcn katliam ve sald\u0131r\u0131lara ra\u011fmen Suriye\u2019de ya\u015fam nabz\u0131n\u0131n atmaya devam etmesini sa\u011flayan en \u00f6nemli g\u00fcc\u00fcn bu direni\u015f ve \u0131srar oldu\u011funu vurgulad\u0131.<\/p>\n<p>https:\/\/www.youtube.com\/watch?v=m1BLKdlbQT4<\/p>\n","protected":false},"excerpt":{"rendered":"<p>\u015eAM \u2013 \u00c7evre\u00a0\u0130\u015flerinden Sorumlu Devlet Bakan\u0131 Nazire Serkis, \u00e7e\u015fitli sanayiler i\u00e7in gerekli uygunzemin haz\u0131rlanmas\u0131 ve ya\u015fanmakta olan krizin yol a\u00e7t\u0131\u011f\u0131 \u00e7evre kirlili\u011finin hafifletilmesi gereklili\u011fini dile getirdi. \u015eam k\u0131rsal\u0131nda Adra Sanayi Kentine bir inceleme ziyareti d\u00fczenleyen Sarkis, fabrika ve sanayi kurulu\u015f sahiplerinin tabiat\u0131 korumaya dikkat etmeleri gerekti\u011fini ifade ederek fabrika ve sanayi kurulu\u015flar\u0131 sahiplerinin ya\u015fanmakta olan &hellip;<\/p>\n","protected":false},"author":1,"featured_media":59130,"comment_status":"closed","ping_status":"closed","sticky":false,"template":"","format":"standard","meta":{"footnotes":""},"categories":[485,596,486,17988],"tags":[18812,17904],"class_list":["post-59126","post","type-post","status-publish","format-standard","has-post-thumbnail","","category-is-ve-sermaye","category-fotografli-raporlar","category-haberler-is-ve-sermaye","category-son-haberler","tag-adra-sanayi-kenti","tag-cevre-islerinden-sorumlu-devlet-bakani-nazire-serkis"],"_links":{"self":[{"href":"https:\/\/archive.sana.sy\/tr\/index.php?rest_route=\/wp\/v2\/posts\/59126","targetHints":{"allow":["GET"]}}],"collection":[{"href":"https:\/\/archive.sana.sy\/tr\/index.php?rest_route=\/wp\/v2\/posts"}],"about":[{"href":"https:\/\/archive.sana.sy\/tr\/index.php?rest_route=\/wp\/v2\/types\/post"}],"author":[{"embeddable":true,"href":"https:\/\/archive.sana.sy\/tr\/index.php?rest_route=\/wp\/v2\/users\/1"}],"replies":[{"embeddable":true,"href":"https:\/\/archive.sana.sy\/tr\/index.php?rest_route=%2Fwp%2Fv2%2Fcomments&post=59126"}],"version-history":[{"count":0,"href":"https:\/\/archive.sana.sy\/tr\/index.php?rest_route=\/wp\/v2\/posts\/59126\/revisions"}],"wp:featuredmedia":[{"embeddable":true,"href":"https:\/\/archive.sana.sy\/tr\/index.php?rest_route=\/wp\/v2\/media\/59130"}],"wp:attachment":[{"href":"https:\/\/archive.sana.sy\/tr\/index.php?rest_route=%2Fwp%2Fv2%2Fmedia&parent=59126"}],"wp:term":[{"taxonomy":"category","embeddable":true,"href":"https:\/\/archive.sana.sy\/tr\/index.php?rest_route=%2Fwp%2Fv2%2Fcategories&post=59126"},{"taxonomy":"post_tag","embeddable":true,"href":"https:\/\/archive.sana.sy\/tr\/index.php?rest_route=%2Fwp%2Fv2%2Ftags&post=59126"}],"curies":[{"name":"wp","href":"https:\/\/api.w.org\/{rel}","templated":true}]}}