{"id":59168,"date":"2016-01-26T16:05:54","date_gmt":"2016-01-26T14:05:54","guid":{"rendered":"http:\/\/www.sana.sy\/tr\/?p=59168"},"modified":"2016-01-27T18:03:55","modified_gmt":"2016-01-27T16:03:55","slug":"devam-eden-operasyonlarda-onemli-bir-hareket-noktasi-teskil-edecek","status":"publish","type":"post","link":"https:\/\/archive.sana.sy\/tr\/?p=59168","title":{"rendered":"Devam Eden Operasyonlarda \u00d6nemli Bir Hareket Noktas\u0131 Te\u015fkil Edecek (video)"},"content":{"rendered":"<p>\u015eAM \u2013 Ordu ve Silahl\u0131 Kuvvetler Genel Komutanl\u0131\u011f\u0131 ordu birliklerimizin Dera k\u0131rsal\u0131nda \u015eeyh Meskin Kentini ter\u00f6rden temizleyip kent ve ahalisinin g\u00fcvenli\u011fini kontrollerine ge\u00e7irmelerinin stratejik \u00f6nemine dikkat \u00e7ekti.<\/p>\n<p>Genel komutanl\u0131k s\u00f6zc\u00fcs\u00fc bug\u00fcn ilan etti\u011fi ve bir n\u00fcshas\u0131 SANA\u2019ya ula\u015ft\u0131r\u0131lan askeri beyan\u0131nda; \u015eeyh Meskin Kentinin ter\u00f6ristlerden temizlenmesinin, b\u00f6lgede devam eden operasyonlar\u0131n seyrine gayet olumlu yans\u0131malarda bulunaca\u011f\u0131n\u0131 ifade ederken, \u00f6nemli bir hareket noktas\u0131 te\u015fkil etti\u011fini s\u00f6yledi.<\/p>\n<p>Ordu birliklerimizin halktan ald\u0131\u011f\u0131 destekle vatan topraklar\u0131n\u0131n her kar\u0131\u015f topra\u011f\u0131n\u0131 tekfirci ve kiral\u0131k ter\u00f6ristlerden temizleme kararl\u0131l\u0131\u011f\u0131n\u0131n bir kez daha alt\u0131n\u0131 \u00e7izen askeri s\u00f6zc\u00fc; vatan ve halk\u0131n\u0131 hedef alan eylemlere kat\u0131lanlar\u0131 i\u015f i\u015ften ge\u00e7meden silahlar\u0131n\u0131 teslim etmelerine ve af karar\u0131ndan faydalanmalar\u0131na \u00e7a\u011f\u0131rd\u0131.<\/p>\n<p>https:\/\/www.youtube.com\/watch?v=OmFzNs7svqo<\/p>\n","protected":false},"excerpt":{"rendered":"<p>\u015eAM \u2013 Ordu ve Silahl\u0131 Kuvvetler Genel Komutanl\u0131\u011f\u0131 ordu birliklerimizin Dera k\u0131rsal\u0131nda \u015eeyh Meskin Kentini ter\u00f6rden temizleyip kent ve ahalisinin g\u00fcvenli\u011fini kontrollerine ge\u00e7irmelerinin stratejik \u00f6nemine dikkat \u00e7ekti. Genel komutanl\u0131k s\u00f6zc\u00fcs\u00fc bug\u00fcn ilan etti\u011fi ve bir n\u00fcshas\u0131 SANA\u2019ya ula\u015ft\u0131r\u0131lan askeri beyan\u0131nda; \u015eeyh Meskin Kentinin ter\u00f6ristlerden temizlenmesinin, b\u00f6lgede devam eden operasyonlar\u0131n seyrine gayet olumlu yans\u0131malarda bulunaca\u011f\u0131n\u0131 ifade &hellip;<\/p>\n","protected":false},"author":1,"featured_media":59179,"comment_status":"closed","ping_status":"closed","sticky":false,"template":"","format":"standard","meta":{"footnotes":""},"categories":[479,575,17988,478],"tags":[18798,2770,4663],"class_list":["post-59168","post","type-post","status-publish","format-standard","has-post-thumbnail","","category-haberler-yerel","category-olaylar-ve-gercekler","category-son-haberler","category-yerel","tag-askeri-sozcu","tag-ordu-ve-silahli-kuvvetler-genel-komutanligi","tag-seyh-meskin"],"_links":{"self":[{"href":"https:\/\/archive.sana.sy\/tr\/index.php?rest_route=\/wp\/v2\/posts\/59168","targetHints":{"allow":["GET"]}}],"collection":[{"href":"https:\/\/archive.sana.sy\/tr\/index.php?rest_route=\/wp\/v2\/posts"}],"about":[{"href":"https:\/\/archive.sana.sy\/tr\/index.php?rest_route=\/wp\/v2\/types\/post"}],"author":[{"embeddable":true,"href":"https:\/\/archive.sana.sy\/tr\/index.php?rest_route=\/wp\/v2\/users\/1"}],"replies":[{"embeddable":true,"href":"https:\/\/archive.sana.sy\/tr\/index.php?rest_route=%2Fwp%2Fv2%2Fcomments&post=59168"}],"version-history":[{"count":0,"href":"https:\/\/archive.sana.sy\/tr\/index.php?rest_route=\/wp\/v2\/posts\/59168\/revisions"}],"wp:featuredmedia":[{"embeddable":true,"href":"https:\/\/archive.sana.sy\/tr\/index.php?rest_route=\/wp\/v2\/media\/59179"}],"wp:attachment":[{"href":"https:\/\/archive.sana.sy\/tr\/index.php?rest_route=%2Fwp%2Fv2%2Fmedia&parent=59168"}],"wp:term":[{"taxonomy":"category","embeddable":true,"href":"https:\/\/archive.sana.sy\/tr\/index.php?rest_route=%2Fwp%2Fv2%2Fcategories&post=59168"},{"taxonomy":"post_tag","embeddable":true,"href":"https:\/\/archive.sana.sy\/tr\/index.php?rest_route=%2Fwp%2Fv2%2Ftags&post=59168"}],"curies":[{"name":"wp","href":"https:\/\/api.w.org\/{rel}","templated":true}]}}