{"id":5917,"date":"2014-07-26T19:44:12","date_gmt":"2014-07-26T16:44:12","guid":{"rendered":"http:\/\/www.sana.sy\/tr\/?p=5917"},"modified":"2014-07-26T19:44:12","modified_gmt":"2014-07-26T16:44:12","slug":"misir-erdoganin-aciklamalarini-protesto-etti","status":"publish","type":"post","link":"https:\/\/archive.sana.sy\/tr\/?p=5917","title":{"rendered":"M\u0131s\u0131r, Erdo\u011fan\u2019\u0131n A\u00e7\u0131klamalar\u0131n\u0131 Protesto Etti"},"content":{"rendered":"<p>KAH\u0130RE \u2013 M\u0131s\u0131r D\u0131\u015fi\u015fleri Bakanl\u0131\u011f\u0131 bug\u00fcn; T\u00fcrkiye Ba\u015fbakan\u0131 Recep Tayyip Erdo\u011fan\u2019\u0131n son olarak M\u0131s\u0131r ve ba\u015fkan\u0131na ili\u015fkin yapt\u0131\u011f\u0131 a\u00e7\u0131klamalar ve bulundu\u011fu tecav\u00fczleri protesto etti.<\/p>\n<p>Bakanl\u0131k yay\u0131nlad\u0131\u011f\u0131 bas\u0131n bildirisinde Erdo\u011fan\u2019\u0131n bu a\u00e7\u0131klamalar\u0131n\u0131 \u2018M\u0131s\u0131r\u2019\u0131n i\u00e7i\u015flerine kabul edilemez bir m\u00fcdahale\u2019 olarak nitelendirirken; s\u00fcrmesi halinde iki \u00fclke aras\u0131ndaki ili\u015fkilerin seyrini olumsuz etkilemesinden uyard\u0131.<\/p>\n<p>Bu a\u00e7\u0131klama ve tecav\u00fczlerin ger\u00e7ek\u00e7i olmay\u0131p ki\u015fisel itibarlara dayand\u0131\u011f\u0131na dikkat \u00e7ekilen bas\u0131n bildirisinde; M\u0131s\u0131r\u2019da 30 Haziran 2013 devriminden sonra ya\u015fanan durumlara ili\u015fkin cehaleti ve bilgisizli\u011fi yans\u0131tt\u0131\u011f\u0131na i\u015faret edildi.<\/p>\n<p>Beyanda T\u00fcrkiye&#8217;nin Kahire\u2019de bulunan vekil maslahatg\u00fczar\u0131n\u0131n ikinci kez D\u0131\u015fi\u015fleri Bakanl\u0131\u011f\u0131na \u00e7a\u011fr\u0131larak, bu a\u00e7\u0131klamalara ili\u015fkin resmi protestonun tebli\u011f edildi\u011fi belirtildi.<\/p>\n","protected":false},"excerpt":{"rendered":"<p>KAH\u0130RE \u2013 M\u0131s\u0131r D\u0131\u015fi\u015fleri Bakanl\u0131\u011f\u0131 bug\u00fcn; T\u00fcrkiye Ba\u015fbakan\u0131 Recep Tayyip Erdo\u011fan\u2019\u0131n son olarak M\u0131s\u0131r ve ba\u015fkan\u0131na ili\u015fkin yapt\u0131\u011f\u0131 a\u00e7\u0131klamalar ve bulundu\u011fu tecav\u00fczleri protesto etti. Bakanl\u0131k yay\u0131nlad\u0131\u011f\u0131 bas\u0131n bildirisinde Erdo\u011fan\u2019\u0131n bu a\u00e7\u0131klamalar\u0131n\u0131 \u2018M\u0131s\u0131r\u2019\u0131n i\u00e7i\u015flerine kabul edilemez bir m\u00fcdahale\u2019 olarak nitelendirirken; s\u00fcrmesi halinde iki \u00fclke aras\u0131ndaki ili\u015fkilerin seyrini olumsuz etkilemesinden uyard\u0131. Bu a\u00e7\u0131klama ve tecav\u00fczlerin ger\u00e7ek\u00e7i olmay\u0131p &hellip;<\/p>\n","protected":false},"author":1,"featured_media":5918,"comment_status":"closed","ping_status":"closed","sticky":false,"template":"","format":"standard","meta":{"footnotes":""},"categories":[458,459,447],"tags":[1303,1302],"class_list":["post-5917","post","type-post","status-publish","format-standard","has-post-thumbnail","","category-dunya1","category-haberler-arap-uluslararasi-politika","category-politika","tag-erdoganin-aciklamalarini-protesto-etti","tag-misir"],"_links":{"self":[{"href":"https:\/\/archive.sana.sy\/tr\/index.php?rest_route=\/wp\/v2\/posts\/5917","targetHints":{"allow":["GET"]}}],"collection":[{"href":"https:\/\/archive.sana.sy\/tr\/index.php?rest_route=\/wp\/v2\/posts"}],"about":[{"href":"https:\/\/archive.sana.sy\/tr\/index.php?rest_route=\/wp\/v2\/types\/post"}],"author":[{"embeddable":true,"href":"https:\/\/archive.sana.sy\/tr\/index.php?rest_route=\/wp\/v2\/users\/1"}],"replies":[{"embeddable":true,"href":"https:\/\/archive.sana.sy\/tr\/index.php?rest_route=%2Fwp%2Fv2%2Fcomments&post=5917"}],"version-history":[{"count":0,"href":"https:\/\/archive.sana.sy\/tr\/index.php?rest_route=\/wp\/v2\/posts\/5917\/revisions"}],"wp:featuredmedia":[{"embeddable":true,"href":"https:\/\/archive.sana.sy\/tr\/index.php?rest_route=\/wp\/v2\/media\/5918"}],"wp:attachment":[{"href":"https:\/\/archive.sana.sy\/tr\/index.php?rest_route=%2Fwp%2Fv2%2Fmedia&parent=5917"}],"wp:term":[{"taxonomy":"category","embeddable":true,"href":"https:\/\/archive.sana.sy\/tr\/index.php?rest_route=%2Fwp%2Fv2%2Fcategories&post=5917"},{"taxonomy":"post_tag","embeddable":true,"href":"https:\/\/archive.sana.sy\/tr\/index.php?rest_route=%2Fwp%2Fv2%2Ftags&post=5917"}],"curies":[{"name":"wp","href":"https:\/\/api.w.org\/{rel}","templated":true}]}}