{"id":59190,"date":"2016-01-27T11:30:57","date_gmt":"2016-01-27T09:30:57","guid":{"rendered":"http:\/\/www.sana.sy\/tr\/?p=59190"},"modified":"2016-01-27T14:39:24","modified_gmt":"2016-01-27T12:39:24","slug":"patrusev-rusyanin-suriyedeki-birinci-gorevi-kendi-cikarlarini-korumaktir","status":"publish","type":"post","link":"https:\/\/archive.sana.sy\/tr\/?p=59190","title":{"rendered":"Patru\u015fev: Rusya\u2019n\u0131n Suriye\u2019deki Birinci G\u00f6revi Kendi \u00c7\u0131karlar\u0131n\u0131 Korumakt\u0131r"},"content":{"rendered":"<p>MOSKOVA \u2013 Rusya G\u00fcvenlik Konseyi Ba\u015fkan\u0131 Nikolay Patru\u015fev, Rusya\u2019n\u0131n Suriye\u2019de silahl\u0131 ter\u00f6r \u00f6rg\u00fctlere kar\u015f\u0131 operasyon s\u00fcresinin k\u0131sald\u0131k\u00e7a daha iyi olaca\u011f\u0131n\u0131 ifade ederek ilgili sorunlar\u0131n \u00e7\u00f6z\u00fclmesinin gereklili\u011fine vurgu yapt\u0131.<\/p>\n<p>Patru\u015fev, d\u00fcn Komsomolskaya Pravda Gazetesinde yay\u0131nlanan r\u00f6portaj\u0131nda Suriye\u2019de \u00e7\u00f6z\u00fclmesi gereken sorunlar bulundu\u011funu ve bunun biraz zaman gerektirdi\u011fini ifade ederken; askeri operasyonlar\u0131n s\u00fcresi ne kadar k\u0131sa olursa Rusya i\u00e7in o kadar iyi olaca\u011f\u0131n\u0131 belirtti.<\/p>\n<p>Suriye\u2019nin ter\u00f6re kar\u015f\u0131 m\u00fccadeleyi kaybetmesi ihtimalinde s\u00f6z konusu silahl\u0131 ter\u00f6r gruplar\u0131n\u0131n daha da g\u00fc\u00e7lenerek Rusya topraklar\u0131n\u0131 hedef almas\u0131n\u0131n ka\u00e7\u0131n\u0131lmaz oldu\u011funa dikkat \u00e7eken Patru\u015fev; Rusya\u2019n\u0131n Suriye\u2019deki g\u00f6revinin birinci derecede kendi \u00e7\u0131karlar\u0131n\u0131 korumak oldu\u011funu ifade etti. Patru\u015fev ancak bu g\u00f6revini yerine getirirken Rusya\u2019n\u0131n d\u00fcnyadaki di\u011fer devletlerin de ter\u00f6re kar\u015f\u0131 g\u00fcvenli\u011fini savundu\u011funu beyan etti.<br \/>\nBilinece\u011fi \u00fczere Rusya Sava\u015f U\u00e7aklar\u0131 ge\u00e7ti\u011fimiz y\u0131l 30 Eyl\u00fcl tarihinden bu yana Suriye\u2019de silahl\u0131 ter\u00f6r gruplar\u0131na kar\u015f\u0131 d\u00fczenledikleri operasyonlar sonucunda binlerce ter\u00f6rist hedefi yok ettiler.<\/p>\n<p>F.B. R.H.<\/p>\n","protected":false},"excerpt":{"rendered":"<p>MOSKOVA \u2013 Rusya G\u00fcvenlik Konseyi Ba\u015fkan\u0131 Nikolay Patru\u015fev, Rusya\u2019n\u0131n Suriye\u2019de silahl\u0131 ter\u00f6r \u00f6rg\u00fctlere kar\u015f\u0131 operasyon s\u00fcresinin k\u0131sald\u0131k\u00e7a daha iyi olaca\u011f\u0131n\u0131 ifade ederek ilgili sorunlar\u0131n \u00e7\u00f6z\u00fclmesinin gereklili\u011fine vurgu yapt\u0131. Patru\u015fev, d\u00fcn Komsomolskaya Pravda Gazetesinde yay\u0131nlanan r\u00f6portaj\u0131nda Suriye\u2019de \u00e7\u00f6z\u00fclmesi gereken sorunlar bulundu\u011funu ve bunun biraz zaman gerektirdi\u011fini ifade ederken; askeri operasyonlar\u0131n s\u00fcresi ne kadar k\u0131sa olursa Rusya &hellip;<\/p>\n","protected":false},"author":1,"featured_media":59191,"comment_status":"closed","ping_status":"closed","sticky":false,"template":"","format":"standard","meta":{"footnotes":""},"categories":[458,459,17988],"tags":[17818],"class_list":["post-59190","post","type-post","status-publish","format-standard","has-post-thumbnail","","category-dunya1","category-haberler-arap-uluslararasi-politika","category-son-haberler","tag-rusya-guvenlik-konseyi-baskani-nikolay-patrusev"],"_links":{"self":[{"href":"https:\/\/archive.sana.sy\/tr\/index.php?rest_route=\/wp\/v2\/posts\/59190","targetHints":{"allow":["GET"]}}],"collection":[{"href":"https:\/\/archive.sana.sy\/tr\/index.php?rest_route=\/wp\/v2\/posts"}],"about":[{"href":"https:\/\/archive.sana.sy\/tr\/index.php?rest_route=\/wp\/v2\/types\/post"}],"author":[{"embeddable":true,"href":"https:\/\/archive.sana.sy\/tr\/index.php?rest_route=\/wp\/v2\/users\/1"}],"replies":[{"embeddable":true,"href":"https:\/\/archive.sana.sy\/tr\/index.php?rest_route=%2Fwp%2Fv2%2Fcomments&post=59190"}],"version-history":[{"count":0,"href":"https:\/\/archive.sana.sy\/tr\/index.php?rest_route=\/wp\/v2\/posts\/59190\/revisions"}],"wp:featuredmedia":[{"embeddable":true,"href":"https:\/\/archive.sana.sy\/tr\/index.php?rest_route=\/wp\/v2\/media\/59191"}],"wp:attachment":[{"href":"https:\/\/archive.sana.sy\/tr\/index.php?rest_route=%2Fwp%2Fv2%2Fmedia&parent=59190"}],"wp:term":[{"taxonomy":"category","embeddable":true,"href":"https:\/\/archive.sana.sy\/tr\/index.php?rest_route=%2Fwp%2Fv2%2Fcategories&post=59190"},{"taxonomy":"post_tag","embeddable":true,"href":"https:\/\/archive.sana.sy\/tr\/index.php?rest_route=%2Fwp%2Fv2%2Ftags&post=59190"}],"curies":[{"name":"wp","href":"https:\/\/api.w.org\/{rel}","templated":true}]}}