{"id":59238,"date":"2016-01-27T12:30:27","date_gmt":"2016-01-27T10:30:27","guid":{"rendered":"http:\/\/www.sana.sy\/tr\/?p=59238"},"modified":"2016-01-27T15:37:59","modified_gmt":"2016-01-27T13:37:59","slug":"terore-karsi-ciddi-ve-etkin-bir-mucadele-verilmelidir","status":"publish","type":"post","link":"https:\/\/archive.sana.sy\/tr\/?p=59238","title":{"rendered":"Ter\u00f6re Kar\u015f\u0131 Ciddi ve Etkin Bir M\u00fccadele Verilmelidir"},"content":{"rendered":"<p>ROMA \u2013 \u0130ran Cumhurba\u015fkan\u0131 Hasan Ruhani Suriye ve Irak\u2019ta g\u00fcvenlik ve istikrar\u0131n sa\u011flanmas\u0131n\u0131n yan\u0131 s\u0131ra Ortado\u011fu\u2019da ter\u00f6re kar\u015f\u0131 etkin ve ciddi bir m\u00fccadelenin verilmesi gere\u011fini belirtti.<\/p>\n<p>\u0130talya&#8217;ya bulundu\u011fu resmi gezisinin bitiminde Roma\u2019da bas\u0131n konferans\u0131 d\u00fczenleyen Ruhani; b\u00f6lgenin tan\u0131k oldu\u011fu sorunlar\u0131n temel nedeninin I\u015e\u0130D ve ter\u00f6r oldu\u011funu ifade etti. Ruhani b\u00f6lgedeki sorunlar\u0131n diyalog yoluyla \u00e7\u00f6z\u00fclmesi ve b\u00f6lge halklar\u0131n\u0131n refah ve kalk\u0131nmalar\u0131 i\u00e7in temel sorunlara odaklan\u0131lmas\u0131 \u00f6nemini belirtti.<\/p>\n","protected":false},"excerpt":{"rendered":"<p>ROMA \u2013 \u0130ran Cumhurba\u015fkan\u0131 Hasan Ruhani Suriye ve Irak\u2019ta g\u00fcvenlik ve istikrar\u0131n sa\u011flanmas\u0131n\u0131n yan\u0131 s\u0131ra Ortado\u011fu\u2019da ter\u00f6re kar\u015f\u0131 etkin ve ciddi bir m\u00fccadelenin verilmesi gere\u011fini belirtti. \u0130talya&#8217;ya bulundu\u011fu resmi gezisinin bitiminde Roma\u2019da bas\u0131n konferans\u0131 d\u00fczenleyen Ruhani; b\u00f6lgenin tan\u0131k oldu\u011fu sorunlar\u0131n temel nedeninin I\u015e\u0130D ve ter\u00f6r oldu\u011funu ifade etti. Ruhani b\u00f6lgedeki sorunlar\u0131n diyalog yoluyla \u00e7\u00f6z\u00fclmesi ve &hellip;<\/p>\n","protected":false},"author":1,"featured_media":59250,"comment_status":"closed","ping_status":"closed","sticky":false,"template":"","format":"standard","meta":{"footnotes":""},"categories":[458,459,17988],"tags":[18619],"class_list":["post-59238","post","type-post","status-publish","format-standard","has-post-thumbnail","","category-dunya1","category-haberler-arap-uluslararasi-politika","category-son-haberler","tag-hasan-ruhani"],"_links":{"self":[{"href":"https:\/\/archive.sana.sy\/tr\/index.php?rest_route=\/wp\/v2\/posts\/59238","targetHints":{"allow":["GET"]}}],"collection":[{"href":"https:\/\/archive.sana.sy\/tr\/index.php?rest_route=\/wp\/v2\/posts"}],"about":[{"href":"https:\/\/archive.sana.sy\/tr\/index.php?rest_route=\/wp\/v2\/types\/post"}],"author":[{"embeddable":true,"href":"https:\/\/archive.sana.sy\/tr\/index.php?rest_route=\/wp\/v2\/users\/1"}],"replies":[{"embeddable":true,"href":"https:\/\/archive.sana.sy\/tr\/index.php?rest_route=%2Fwp%2Fv2%2Fcomments&post=59238"}],"version-history":[{"count":0,"href":"https:\/\/archive.sana.sy\/tr\/index.php?rest_route=\/wp\/v2\/posts\/59238\/revisions"}],"wp:featuredmedia":[{"embeddable":true,"href":"https:\/\/archive.sana.sy\/tr\/index.php?rest_route=\/wp\/v2\/media\/59250"}],"wp:attachment":[{"href":"https:\/\/archive.sana.sy\/tr\/index.php?rest_route=%2Fwp%2Fv2%2Fmedia&parent=59238"}],"wp:term":[{"taxonomy":"category","embeddable":true,"href":"https:\/\/archive.sana.sy\/tr\/index.php?rest_route=%2Fwp%2Fv2%2Fcategories&post=59238"},{"taxonomy":"post_tag","embeddable":true,"href":"https:\/\/archive.sana.sy\/tr\/index.php?rest_route=%2Fwp%2Fv2%2Ftags&post=59238"}],"curies":[{"name":"wp","href":"https:\/\/api.w.org\/{rel}","templated":true}]}}